{"id":166048,"date":"2020-04-27T10:06:36","date_gmt":"2020-04-27T13:06:36","guid":{"rendered":"https:\/\/www.caririemacao.com\/1\/?p=166048"},"modified":"2020-04-27T11:08:34","modified_gmt":"2020-04-27T14:08:34","slug":"33-acudes-na-pb-estao-sangrando-e-boqueirao-chega-a-mais-de-64-da-capacidade","status":"publish","type":"post","link":"https:\/\/www.caririemacao.com\/1\/2020\/04\/27\/33-acudes-na-pb-estao-sangrando-e-boqueirao-chega-a-mais-de-64-da-capacidade\/","title":{"rendered":"33 a\u00e7udes na PB est\u00e3o sangrando e Boqueir\u00e3o chega a mais de 64% da capacidade"},"content":{"rendered":"\n<p>Trinta e tr\u00eas a\u00e7udes monitorados pela Ag\u00eancia Executiva de Gest\u00e3o das \u00c1guas do Estado (Aesa) est\u00e3o sangrando. O mais recente foi o do a\u00e7ude do Jatob\u00e1 I, em Patos, que transbordou esta semana depois de 11 anos desde a \u00faltima vez. A principal raz\u00e3o disso s\u00e3o os grandes volumes de chuva das \u00faltimas semanas. Cerca de 20 munic\u00edpios do Estado registraram chuvas com mais de 200 mil\u00edmetros, outros quase 60 registraram chuvas de 100 a 200 mil\u00edmetros, enquanto outros tiveram chuvas de 0.1 a 100 mm observadas.<\/p>\n\n\n\n<p>De acordo com informa\u00e7\u00f5es da Ag\u00eancia Executiva de Gest\u00e3o das \u00c1guas (Aesa), o munic\u00edpio de Cajazeiras \u00e9 considerado aquele onde mais choveu este ano, com 1.445,8 mil\u00edmetros, e com o maior \u00edndice pluviom\u00e9trico de mar\u00e7o, registrando 341,9 mil\u00edmetros.<\/p>\n\n\n\n<p>O munic\u00edpio com maior \u00edndice de chuvas do m\u00eas de abril, at\u00e9 agora, \u00e9 Olho D\u2019\u00c1gua, com 435,4 mil\u00edmetros \u2013 que tamb\u00e9m \u00e9 o segundo onde mais choveu este ano, registrando at\u00e9 ontem 1.224,7 mm. Segundo o \u00faltimo relat\u00f3rio de monitoramento da Seca, feito pelo Monitor de Secas da Ag\u00eancia Nacional de \u00c1guas (ANA), as chuvas da Para\u00edba deixaram a precipita\u00e7\u00e3o positiva no estado, \u201co que contribuiu para uma melhora na condi\u00e7\u00e3o de seca em algumas localidades, a exemplo da mesorregi\u00e3o do Sert\u00e3o Paraibano, onde a seca passou de moderada para fraca. No Planalto da Borborema e parte do Agreste, tamb\u00e9m houve redu\u00e7\u00e3o de uma categoria no grau de severidade da seca, passando de grave para moderada\u201d, informa o relat\u00f3rio referente a mar\u00e7o de 2020.<\/p>\n\n\n\n<p>Atualmente o a\u00e7ude de Boqueir\u00e3o est\u00e1 com 64,01% da sua capacidade o que representa quase 300 milh\u00f5es de m\u00b3. Os 33 a\u00e7udes que est\u00e3o \u201csangrando\u201d atualmente no Estado s\u00e3o respons\u00e1veis, em sua maioria, pelo abastecimento dos munic\u00edpios localizados no Sert\u00e3o e Alto Sert\u00e3o da Para\u00edba, al\u00e9m de no Cariri, no Serid\u00f3 e Curimata\u00fa.<\/p>\n\n\n\n<p><em>PB Agora<\/em><\/p>\n","protected":false},"excerpt":{"rendered":"<p>Trinta e tr\u00eas a\u00e7udes monitorados pela Ag\u00eancia Executiva de Gest\u00e3o das \u00c1guas do Estado (Aesa) est\u00e3o sangrando. O mais recente foi o do a\u00e7ude do&hellip; <\/p>\n","protected":false},"author":2,"featured_media":166049,"comment_status":"closed","ping_status":"closed","sticky":false,"template":"","format":"standard","meta":{"sfsi_plus_gutenberg_text_before_share":"","sfsi_plus_gutenberg_show_text_before_share":"","sfsi_plus_gutenberg_icon_type":"","sfsi_plus_gutenberg_icon_alignemt":"","sfsi_plus_gutenburg_max_per_row":"","footnotes":""},"categories":[6],"tags":[],"class_list":["post-166048","post","type-post","status-publish","format-standard","has-post-thumbnail","hentry","category-cidades"],"_links":{"self":[{"href":"https:\/\/www.caririemacao.com\/1\/wp-json\/wp\/v2\/posts\/166048","targetHints":{"allow":["GET"]}}],"collection":[{"href":"https:\/\/www.caririemacao.com\/1\/wp-json\/wp\/v2\/posts"}],"about":[{"href":"https:\/\/www.caririemacao.com\/1\/wp-json\/wp\/v2\/types\/post"}],"author":[{"embeddable":true,"href":"https:\/\/www.caririemacao.com\/1\/wp-json\/wp\/v2\/users\/2"}],"replies":[{"embeddable":true,"href":"https:\/\/www.caririemacao.com\/1\/wp-json\/wp\/v2\/comments?post=166048"}],"version-history":[{"count":2,"href":"https:\/\/www.caririemacao.com\/1\/wp-json\/wp\/v2\/posts\/166048\/revisions"}],"predecessor-version":[{"id":166083,"href":"https:\/\/www.caririemacao.com\/1\/wp-json\/wp\/v2\/posts\/166048\/revisions\/166083"}],"wp:featuredmedia":[{"embeddable":true,"href":"https:\/\/www.caririemacao.com\/1\/wp-json\/wp\/v2\/media\/166049"}],"wp:attachment":[{"href":"https:\/\/www.caririemacao.com\/1\/wp-json\/wp\/v2\/media?parent=166048"}],"wp:term":[{"taxonomy":"category","embeddable":true,"href":"https:\/\/www.caririemacao.com\/1\/wp-json\/wp\/v2\/categories?post=166048"},{"taxonomy":"post_tag","embeddable":true,"href":"https:\/\/www.caririemacao.com\/1\/wp-json\/wp\/v2\/tags?post=166048"}],"curies":[{"name":"wp","href":"https:\/\/api.w.org\/{rel}","templated":true}]}}