{"id":166059,"date":"2020-04-27T10:13:34","date_gmt":"2020-04-27T13:13:34","guid":{"rendered":"https:\/\/www.caririemacao.com\/1\/?p=166059"},"modified":"2020-04-27T10:13:34","modified_gmt":"2020-04-27T13:13:34","slug":"moro-deve-falar-a-cpi-das-fake-news-assim-que-for-chamado-e-planalto-monitora-stf","status":"publish","type":"post","link":"https:\/\/www.caririemacao.com\/1\/2020\/04\/27\/moro-deve-falar-a-cpi-das-fake-news-assim-que-for-chamado-e-planalto-monitora-stf\/","title":{"rendered":"Moro deve falar \u00e0 CPI das Fake News assim que for chamado, e Planalto monitora STF"},"content":{"rendered":"\n<p>O ex-ministro da Justi\u00e7a Sergio Moro deve falar \u00e0 CPI da Fake News assim que for chamado pelos parlamentares.<\/p>\n\n\n\n<p>Fontes ouvidas pelo&nbsp;<strong>blog&nbsp;<\/strong>t\u00eam repetido que o depoimento do ex-ministro ser\u00e1 importante para aprofundar a interfer\u00eancia pol\u00edtica do presidente Bolsonaro na Pol\u00edcia Federal, acusa\u00e7\u00e3o feita por Moro durante coletiva em que anunciou sua demiss\u00e3o, na sexta-feira (27).<\/p>\n\n\n\n<p>A quem pergunta se Moro comparecer\u00e1 \u00e0 CPI, o ex-ministro repete que a ida n\u00e3o depende dele. Ele pode ser convidado ou convocado pela comiss\u00e3o.<\/p>\n\n\n\n<p>A expectativa de parlamentares \u00e9 que Moro v\u00e1, atendendo a convite, e tenha muni\u00e7\u00e3o para al\u00e9m das mensagens apresentadas na \u00faltima sexta-feira, que apontariam a insist\u00eancia do presidente na troca da PF, com objetivo final de blindar sua fam\u00edlia de investiga\u00e7\u00f5es.<\/p>\n\n\n\n<p>As atividades da CPI das Fake News, assim como as de outras comiss\u00f5es do Congresso, est\u00e3o suspensas por conta da pandemia. Os trabalhos deveriam ter sido encerrados em 13 de abril mas foram prorrogados por mais 180 dias \u2013 que passam a ser contados depois que os trabalhos forem retomados \u2013, numa derrota imposta pelo Congresso a Bolsonaro.<\/p>\n\n\n\n<p>Os integrantes da comiss\u00e3o articulam para retomar os trabalhos o mais r\u00e1pido poss\u00edvel, e v\u00e3o apelar ao presidente do Congresso, Davi Alcolumbre, para que isso ocorra.<\/p>\n\n\n\n<p>O Pal\u00e1cio do Planalto acompanha as movimenta\u00e7\u00f5es de Moro: teme a repercuss\u00e3o de uma ida do ex-ministro \u00e0 CPI das Fake News combinada com o que Moro pode entregar ao Supremo Tribunal Federal (STF), no inqu\u00e9rito que est\u00e1 sob relatoria do ministro Celso de Mello.<\/p>\n\n\n\n<h2 class=\"wp-block-heading\">Arrebentar&#8217; com a PF<\/h2>\n\n\n\n<p>Antes de deixar o governo, Moro repetia a aliados que, se deixasse o governo, Bolsonaro iria \u201carrebentar\u201d com a Pol\u00edcia Federal.<\/p>\n\n\n\n<p>Para a Pol\u00edcia Federal e para o Minist\u00e9rio da Justi\u00e7a, Bolsonaro escolheu nomes do c\u00edrculo pessoal e ligados \u00e0 fam\u00edlia Bolsonaro: Alexandre Ramagem (PF) e Jorge Oliveira (Justi\u00e7a). As nomea\u00e7\u00f5es, entretanto, ainda n\u00e3o ocorreram.<\/p>\n\n\n\n<p>A escolha de Bolsonaro foi tomada com base em consultas familiares e de advogados, como o advogado Frederick Wassef, que defende Flavio Bolsonaro na investiga\u00e7\u00e3o envolvendo o esquema de rachadinhas.<\/p>\n\n\n\n<p>No domingo,&nbsp;<a href=\"https:\/\/g1.globo.com\/politica\/blog\/andreia-sadi\/post\/2020\/04\/26\/em-meio-a-escolha-para-pf-bolsonaro-recebe-advogado-de-flavio-no-caso-queiroz-mera-coincidencia.ghtml\">Wassef esteve no Pal\u00e1cio da Alvorada, com Flavio,<\/a>&nbsp;em meio \u00e0s negocia\u00e7\u00f5es para definir o futuro chefe do Minist\u00e9rio da Justi\u00e7a.<\/p>\n\n\n\n<p>Procurado pelo blog, Wassef disse que foi ao encontro do presidente para tratar de quest\u00f5es jur\u00eddicas, j\u00e1 que defende Bolsonaro tamb\u00e9m \u2013 e que foi \u201cmera coincid\u00eancia\u201d ter ido ao Pal\u00e1cio no domingo.<\/p>\n\n\n\n<p>A ala militar do governo foi contra a escolha de Jorge \u2013 queria um jurista renomado. Mas foi, novamente, vencida: assim como n\u00e3o conseguiu demover Bolsonaro de demitir Valeixo, n\u00e3o conseguiu emplacar um nome fora do c\u00edrculo pessoal do presidente para a Justi\u00e7la.<\/p>\n\n\n\n<p>Para a vaga de Jorge Oliveira, est\u00e1 cotado o Almirante Flavio Rocha, hoje na Secretaria de Assuntos Estrat\u00e9gicos<\/p>\n\n\n\n<p>Com G1<\/p>\n","protected":false},"excerpt":{"rendered":"<p>O ex-ministro da Justi\u00e7a Sergio Moro deve falar \u00e0 CPI da Fake News assim que for chamado pelos parlamentares. Fontes ouvidas pelo&nbsp;blog&nbsp;t\u00eam repetido que o&hellip; <\/p>\n","protected":false},"author":1,"featured_media":150661,"comment_status":"closed","ping_status":"closed","sticky":false,"template":"","format":"standard","meta":{"sfsi_plus_gutenberg_text_before_share":"","sfsi_plus_gutenberg_show_text_before_share":"","sfsi_plus_gutenberg_icon_type":"","sfsi_plus_gutenberg_icon_alignemt":"","sfsi_plus_gutenburg_max_per_row":"","footnotes":""},"categories":[50,11],"tags":[],"class_list":["post-166059","post","type-post","status-publish","format-standard","has-post-thumbnail","hentry","category-destaque","category-politica"],"_links":{"self":[{"href":"https:\/\/www.caririemacao.com\/1\/wp-json\/wp\/v2\/posts\/166059","targetHints":{"allow":["GET"]}}],"collection":[{"href":"https:\/\/www.caririemacao.com\/1\/wp-json\/wp\/v2\/posts"}],"about":[{"href":"https:\/\/www.caririemacao.com\/1\/wp-json\/wp\/v2\/types\/post"}],"author":[{"embeddable":true,"href":"https:\/\/www.caririemacao.com\/1\/wp-json\/wp\/v2\/users\/1"}],"replies":[{"embeddable":true,"href":"https:\/\/www.caririemacao.com\/1\/wp-json\/wp\/v2\/comments?post=166059"}],"version-history":[{"count":1,"href":"https:\/\/www.caririemacao.com\/1\/wp-json\/wp\/v2\/posts\/166059\/revisions"}],"predecessor-version":[{"id":166060,"href":"https:\/\/www.caririemacao.com\/1\/wp-json\/wp\/v2\/posts\/166059\/revisions\/166060"}],"wp:featuredmedia":[{"embeddable":true,"href":"https:\/\/www.caririemacao.com\/1\/wp-json\/wp\/v2\/media\/150661"}],"wp:attachment":[{"href":"https:\/\/www.caririemacao.com\/1\/wp-json\/wp\/v2\/media?parent=166059"}],"wp:term":[{"taxonomy":"category","embeddable":true,"href":"https:\/\/www.caririemacao.com\/1\/wp-json\/wp\/v2\/categories?post=166059"},{"taxonomy":"post_tag","embeddable":true,"href":"https:\/\/www.caririemacao.com\/1\/wp-json\/wp\/v2\/tags?post=166059"}],"curies":[{"name":"wp","href":"https:\/\/api.w.org\/{rel}","templated":true}]}}