{"id":166061,"date":"2020-04-27T10:41:29","date_gmt":"2020-04-27T13:41:29","guid":{"rendered":"https:\/\/www.caririemacao.com\/1\/?p=166061"},"modified":"2020-04-27T10:41:29","modified_gmt":"2020-04-27T13:41:29","slug":"dia-do-goleiro-e-celebrado-por-clubes-de-todo-o-mundo","status":"publish","type":"post","link":"https:\/\/www.caririemacao.com\/1\/2020\/04\/27\/dia-do-goleiro-e-celebrado-por-clubes-de-todo-o-mundo\/","title":{"rendered":"Dia do goleiro \u00e9 celebrado por clubes de todo o mundo"},"content":{"rendered":"\n<p>Guarda-redes, goalkeeper, arqueiro. A fun\u00e7\u00e3o tem muitos nomes, mas no dia 26 de abril foi comemorado em todo mundo o Dia do Goleiro. Para falar desta data nesse domingo, a Ag\u00eancia Brasil conversou com Raul Plassmann, que brilhou com a camisa amarela debaixo das traves defendendo a sele\u00e7\u00e3o brasileira e clubes como Cruzeiro, Flamengo e S\u00e3o Paulo.<\/p>\n\n\n\n<p>\u201cDesejo a todos eles que n\u00e3o tomem gol, mas \u00e9 apenas uma vontade, porque isto \u00e9 imposs\u00edvel. Ao menos, que n\u00e3o falhem e que as bolas que vierem a entrar sejam indefens\u00e1veis para n\u00e3o serem criticados\u201d, declarou o ex-jogador (1963\/1983), destacando que o momento mais dif\u00edcil na profiss\u00e3o \u00e9 quando se perde um jogo por culpa do goleiro.<\/p>\n\n\n\n<p>\u201cEste erro compromete o time, principalmente se o lance pudesse ser evitado. Caso o time vire a partida, ainda se ameniza\u201d, afirma Raul, destacando que os atuais donos da camisa n\u00famero 1 s\u00e3o atletas.<\/p>\n\n\n\n<p>\u201cA diferen\u00e7a entre os goleiros do passado e do presente \u00e9 que eles malham muito, s\u00e3o muito bem condicionados fisicamente. Na minha gera\u00e7\u00e3o, n\u00f3s apenas jog\u00e1vamos futebol. Hoje todo mundo \u00e9 atleta e alguns jogam bola\u201d, enfatizou.<\/p>\n\n\n\n<p>Segundo Raul, h\u00e1 goleiros espetaculares em atividade, por\u00e9m citou apenas um como refer\u00eancia no Brasil e no planeta: o brasileiro Alisson Becker (foto), do Liverpool (Inglaterra). Com 27 anos, o ga\u00facho de Novo Hamburgo faturou praticamente todos os pr\u00eamios da posi\u00e7\u00e3o em 2019 (Trof\u00e9u Yashin da revista francesa France Football,&nbsp;Fifa The Best&nbsp;para melhor goleiro e Samba de Ouro de melhor brasileiro atuando na Europa).<\/p>\n\n\n\n<p>O Campeonato Ingl\u00eas est\u00e1 parado por conta do novo coronav\u00edrus, mas o melhor do mundo n\u00e3o p\u00e1ra de treinar em casa. H\u00e1 alguns dias Alisson postou um v\u00eddeo e escreveu nas redes sociais: \u201cN\u00e3o deixe que essa pandemia tire o foco dos seus objetivos! S\u00e3o tempos dif\u00edceis, mas assim como a prata e o ouro s\u00e3o provados no fogo, assim Deus nos prova nas tribula\u00e7\u00f5es\u201d.<\/p>\n\n\n\n<p>Pelas redes sociais, clubes de todas as partes celebraram o Dia do Goleiro. A Juventus (It\u00e1lia) destacou Gianluigi Buffon. J\u00e1 o Botafogo exaltou Manga, que completa 83 anos neste dia e n\u00e3o usava luvas para jogar. E o Corinthians celebrou C\u00e1ssio, que veste a camisa 12 do Tim\u00e3o e j\u00e1 defendeu o clube em 463 partidas, sendo o jogador que mais levantou t\u00edtulos com o clube paulista.<\/p>\n","protected":false},"excerpt":{"rendered":"<p>Guarda-redes, goalkeeper, arqueiro. A fun\u00e7\u00e3o tem muitos nomes, mas no dia 26 de abril foi comemorado em todo mundo o Dia do Goleiro. Para falar&hellip; <\/p>\n","protected":false},"author":2,"featured_media":166062,"comment_status":"closed","ping_status":"closed","sticky":false,"template":"","format":"standard","meta":{"sfsi_plus_gutenberg_text_before_share":"","sfsi_plus_gutenberg_show_text_before_share":"","sfsi_plus_gutenberg_icon_type":"","sfsi_plus_gutenberg_icon_alignemt":"","sfsi_plus_gutenburg_max_per_row":"","footnotes":""},"categories":[13],"tags":[],"class_list":["post-166061","post","type-post","status-publish","format-standard","has-post-thumbnail","hentry","category-esportes"],"_links":{"self":[{"href":"https:\/\/www.caririemacao.com\/1\/wp-json\/wp\/v2\/posts\/166061","targetHints":{"allow":["GET"]}}],"collection":[{"href":"https:\/\/www.caririemacao.com\/1\/wp-json\/wp\/v2\/posts"}],"about":[{"href":"https:\/\/www.caririemacao.com\/1\/wp-json\/wp\/v2\/types\/post"}],"author":[{"embeddable":true,"href":"https:\/\/www.caririemacao.com\/1\/wp-json\/wp\/v2\/users\/2"}],"replies":[{"embeddable":true,"href":"https:\/\/www.caririemacao.com\/1\/wp-json\/wp\/v2\/comments?post=166061"}],"version-history":[{"count":1,"href":"https:\/\/www.caririemacao.com\/1\/wp-json\/wp\/v2\/posts\/166061\/revisions"}],"predecessor-version":[{"id":166063,"href":"https:\/\/www.caririemacao.com\/1\/wp-json\/wp\/v2\/posts\/166061\/revisions\/166063"}],"wp:featuredmedia":[{"embeddable":true,"href":"https:\/\/www.caririemacao.com\/1\/wp-json\/wp\/v2\/media\/166062"}],"wp:attachment":[{"href":"https:\/\/www.caririemacao.com\/1\/wp-json\/wp\/v2\/media?parent=166061"}],"wp:term":[{"taxonomy":"category","embeddable":true,"href":"https:\/\/www.caririemacao.com\/1\/wp-json\/wp\/v2\/categories?post=166061"},{"taxonomy":"post_tag","embeddable":true,"href":"https:\/\/www.caririemacao.com\/1\/wp-json\/wp\/v2\/tags?post=166061"}],"curies":[{"name":"wp","href":"https:\/\/api.w.org\/{rel}","templated":true}]}}