{"id":166068,"date":"2020-04-27T10:49:08","date_gmt":"2020-04-27T13:49:08","guid":{"rendered":"https:\/\/www.caririemacao.com\/1\/?p=166068"},"modified":"2020-04-27T10:49:08","modified_gmt":"2020-04-27T13:49:08","slug":"municipio-de-monteiro-descarta-mais-dois-casos-suspeitos-de-coronavirus","status":"publish","type":"post","link":"https:\/\/www.caririemacao.com\/1\/2020\/04\/27\/municipio-de-monteiro-descarta-mais-dois-casos-suspeitos-de-coronavirus\/","title":{"rendered":"Munic\u00edpio de Monteiro descarta mais dois casos suspeitos de coronav\u00edrus"},"content":{"rendered":"\n<div class=\"wp-block-image\"><figure class=\"aligncenter\"><img decoding=\"async\" data-src=\"http:\/\/deolhonocariri.com.br\/wp-content\/uploads\/2020\/01\/Monteiro_PB2.jpg\" alt=\"\" class=\"wp-image-76503 lazyload\" src=\"data:image\/svg+xml;base64,PHN2ZyB3aWR0aD0iMSIgaGVpZ2h0PSIxIiB4bWxucz0iaHR0cDovL3d3dy53My5vcmcvMjAwMC9zdmciPjwvc3ZnPg==\" \/><\/figure><\/div>\n\n\n\n<p>A Prefeitura de Monteiro atrav\u00e9s da Secretaria Municipal de Sa\u00fade divulgou no in\u00edcio da noite deste \u00faltimo domingo (26), mais um boletim municipal epidemiol\u00f3gico do Covid-19 (novo coronav\u00edrus).<\/p>\n\n\n\n<p>De acordo com o boletim, mais dois casos suspeitos da doen\u00e7a foram descartados ap\u00f3s a realiza\u00e7\u00e3o de exames espec\u00edficos. Com isso, o n\u00famero de casos descartados nos \u00faltimos chega a 6, e o munic\u00edpio segue sem nenhum caso confirmado.<\/p>\n","protected":false},"excerpt":{"rendered":"<p>A Prefeitura de Monteiro atrav\u00e9s da Secretaria Municipal de Sa\u00fade divulgou no in\u00edcio da noite deste \u00faltimo domingo (26), mais um boletim municipal epidemiol\u00f3gico do&hellip; <\/p>\n","protected":false},"author":2,"featured_media":165567,"comment_status":"closed","ping_status":"closed","sticky":false,"template":"","format":"standard","meta":{"sfsi_plus_gutenberg_text_before_share":"","sfsi_plus_gutenberg_show_text_before_share":"","sfsi_plus_gutenberg_icon_type":"","sfsi_plus_gutenberg_icon_alignemt":"","sfsi_plus_gutenburg_max_per_row":"","footnotes":""},"categories":[6],"tags":[],"class_list":["post-166068","post","type-post","status-publish","format-standard","has-post-thumbnail","hentry","category-cidades"],"_links":{"self":[{"href":"https:\/\/www.caririemacao.com\/1\/wp-json\/wp\/v2\/posts\/166068","targetHints":{"allow":["GET"]}}],"collection":[{"href":"https:\/\/www.caririemacao.com\/1\/wp-json\/wp\/v2\/posts"}],"about":[{"href":"https:\/\/www.caririemacao.com\/1\/wp-json\/wp\/v2\/types\/post"}],"author":[{"embeddable":true,"href":"https:\/\/www.caririemacao.com\/1\/wp-json\/wp\/v2\/users\/2"}],"replies":[{"embeddable":true,"href":"https:\/\/www.caririemacao.com\/1\/wp-json\/wp\/v2\/comments?post=166068"}],"version-history":[{"count":1,"href":"https:\/\/www.caririemacao.com\/1\/wp-json\/wp\/v2\/posts\/166068\/revisions"}],"predecessor-version":[{"id":166070,"href":"https:\/\/www.caririemacao.com\/1\/wp-json\/wp\/v2\/posts\/166068\/revisions\/166070"}],"wp:featuredmedia":[{"embeddable":true,"href":"https:\/\/www.caririemacao.com\/1\/wp-json\/wp\/v2\/media\/165567"}],"wp:attachment":[{"href":"https:\/\/www.caririemacao.com\/1\/wp-json\/wp\/v2\/media?parent=166068"}],"wp:term":[{"taxonomy":"category","embeddable":true,"href":"https:\/\/www.caririemacao.com\/1\/wp-json\/wp\/v2\/categories?post=166068"},{"taxonomy":"post_tag","embeddable":true,"href":"https:\/\/www.caririemacao.com\/1\/wp-json\/wp\/v2\/tags?post=166068"}],"curies":[{"name":"wp","href":"https:\/\/api.w.org\/{rel}","templated":true}]}}