{"id":166075,"date":"2020-04-27T10:58:55","date_gmt":"2020-04-27T13:58:55","guid":{"rendered":"https:\/\/www.caririemacao.com\/1\/?p=166075"},"modified":"2020-04-27T10:58:55","modified_gmt":"2020-04-27T13:58:55","slug":"homem-que-decide-a-economia-no-brasil-e-um-so-paulo-guedes-diz-bolsonaro","status":"publish","type":"post","link":"https:\/\/www.caririemacao.com\/1\/2020\/04\/27\/homem-que-decide-a-economia-no-brasil-e-um-so-paulo-guedes-diz-bolsonaro\/","title":{"rendered":"&#8216;Homem que decide a economia no Brasil \u00e9 um s\u00f3: Paulo Guedes&#8217;, diz Bolsonaro"},"content":{"rendered":"\n<p>O presidente Jair Bolsonaro afirmou nesta segunda-feira (27), em uma entrevista coletiva na sa\u00edda do Pal\u00e1cio da Alvorada, que o &#8220;homem que decide a economia&#8221; no Brasil \u00e9 o ministro da Economia, Paulo Guedes.<\/p>\n\n\n\n<p>Bolsonaro deu a declara\u00e7\u00e3o ao sair de uma reuni\u00e3o com Guedes, a ministra da Agricultura, Tereza Cristina, o ministro da Infraestrutura, Tarc\u00edsio de Freitas e o presidente do Banco Central, Roberto Campos Netto. Os ministros estavam ao lado de Bolsonaro na coletiva.<\/p>\n\n\n\n<p>&#8220;Acabei mais uma reuni\u00e3o aqui tratando de economia. E o homem que decide a economia no Brasil \u00e9 um s\u00f3: chama-se Paulo Guedes. Ele nos d\u00e1 o norte, nos d\u00e1 recomenda\u00e7\u00f5es e o que n\u00f3s realmente devemos seguir\u201d, disse Bolsonaro&#8221;, afirmou Bolsonaro.<\/p>\n\n\n\n<p>O ministro afirmou que o governo segue firme em sua pol\u00edtica econ\u00f4mica de responsabilidade fiscal. Ele afirmou que os gastos extraordin\u00e1rios feitos pelo governo em decorr\u00eancia da crise do coronav\u00edrus s\u00e3o uma &#8220;exce\u00e7\u00e3o&#8221; na condu\u00e7\u00e3o da pol\u00edtica econ\u00f4mica.<\/p>\n\n\n\n<p>&#8220;Queremos reafirmar a todos que acreditam na pol\u00edtica econ\u00f4mica que ela segue e a mesma pol\u00edtica econ\u00f4mica&#8221;, ressaltou Guedes. \u201cQuando h\u00e1 um problema, como de sa\u00fade, o presidente fala: \u2018Olha vamos par um programa de exce\u00e7\u00e3o'&#8221;, explicou o ministro.<\/p>\n","protected":false},"excerpt":{"rendered":"<p>O presidente Jair Bolsonaro afirmou nesta segunda-feira (27), em uma entrevista coletiva na sa\u00edda do Pal\u00e1cio da Alvorada, que o &#8220;homem que decide a economia&#8221;&hellip; <\/p>\n","protected":false},"author":2,"featured_media":166076,"comment_status":"closed","ping_status":"closed","sticky":false,"template":"","format":"standard","meta":{"sfsi_plus_gutenberg_text_before_share":"","sfsi_plus_gutenberg_show_text_before_share":"","sfsi_plus_gutenberg_icon_type":"","sfsi_plus_gutenberg_icon_alignemt":"","sfsi_plus_gutenburg_max_per_row":"","footnotes":""},"categories":[11],"tags":[],"class_list":["post-166075","post","type-post","status-publish","format-standard","has-post-thumbnail","hentry","category-politica"],"_links":{"self":[{"href":"https:\/\/www.caririemacao.com\/1\/wp-json\/wp\/v2\/posts\/166075","targetHints":{"allow":["GET"]}}],"collection":[{"href":"https:\/\/www.caririemacao.com\/1\/wp-json\/wp\/v2\/posts"}],"about":[{"href":"https:\/\/www.caririemacao.com\/1\/wp-json\/wp\/v2\/types\/post"}],"author":[{"embeddable":true,"href":"https:\/\/www.caririemacao.com\/1\/wp-json\/wp\/v2\/users\/2"}],"replies":[{"embeddable":true,"href":"https:\/\/www.caririemacao.com\/1\/wp-json\/wp\/v2\/comments?post=166075"}],"version-history":[{"count":1,"href":"https:\/\/www.caririemacao.com\/1\/wp-json\/wp\/v2\/posts\/166075\/revisions"}],"predecessor-version":[{"id":166077,"href":"https:\/\/www.caririemacao.com\/1\/wp-json\/wp\/v2\/posts\/166075\/revisions\/166077"}],"wp:featuredmedia":[{"embeddable":true,"href":"https:\/\/www.caririemacao.com\/1\/wp-json\/wp\/v2\/media\/166076"}],"wp:attachment":[{"href":"https:\/\/www.caririemacao.com\/1\/wp-json\/wp\/v2\/media?parent=166075"}],"wp:term":[{"taxonomy":"category","embeddable":true,"href":"https:\/\/www.caririemacao.com\/1\/wp-json\/wp\/v2\/categories?post=166075"},{"taxonomy":"post_tag","embeddable":true,"href":"https:\/\/www.caririemacao.com\/1\/wp-json\/wp\/v2\/tags?post=166075"}],"curies":[{"name":"wp","href":"https:\/\/api.w.org\/{rel}","templated":true}]}}