{"id":166079,"date":"2020-04-27T11:05:21","date_gmt":"2020-04-27T14:05:21","guid":{"rendered":"https:\/\/www.caririemacao.com\/1\/?p=166079"},"modified":"2020-04-27T11:05:21","modified_gmt":"2020-04-27T14:05:21","slug":"pandemia-tre-pode-proibir-carreatas-e-passeatas-durante-campanhas-deste-ano","status":"publish","type":"post","link":"https:\/\/www.caririemacao.com\/1\/2020\/04\/27\/pandemia-tre-pode-proibir-carreatas-e-passeatas-durante-campanhas-deste-ano\/","title":{"rendered":"Pandemia: TRE pode proibir carreatas e passeatas durante campanhas deste ano"},"content":{"rendered":"\n<p><a rel=\"noreferrer noopener\" href=\"https:\/\/www.facebook.com\/sharer\/sharer.php?u=https:\/\/fonte83.com.br\/pandemia-tre-pb-pode-proibir-carreatas-e-passeatas-durante-campanhas-deste-ano\/&amp;src=sdkpreparse\" target=\"_blank\"><\/a><a rel=\"noreferrer noopener\" href=\"http:\/\/twitter.com\/share?url=https:\/\/fonte83.com.br\/pandemia-tre-pb-pode-proibir-carreatas-e-passeatas-durante-campanhas-deste-ano\/\" target=\"_blank\"><\/a><a rel=\"noreferrer noopener\" href=\"https:\/\/api.whatsapp.com\/send?text=https:\/\/fonte83.com.br\/pandemia-tre-pb-pode-proibir-carreatas-e-passeatas-durante-campanhas-deste-ano\" target=\"_blank\"><\/a>O presidente do Tribunal Regional Eleitoral da Para\u00edba (TRE-PB), o desembargador Jos\u00e9 Ricardo Porto, afirmou que a realiza\u00e7\u00e3o de carreatas, passeatas e com\u00edcios podem ser proibidas durante a campanha eleitoral deste ano por conta da pandemia do novo Coronav\u00edrus. Segundo o presidente, a medida poder\u00e1 ser adotada pelo Tribunal para evitar a aglomera\u00e7\u00e3o de pessoas e a prolifera\u00e7\u00e3o da infec\u00e7\u00e3o.<\/p>\n\n\n\n<p>\u201cEstamos trabalhando as elei\u00e7\u00f5es 2020 com as datas do calend\u00e1rio eleitoral. Tamb\u00e9m admito que dependendo da curva da covid-19 um adiamento das elei\u00e7\u00f5es, prorroga\u00e7\u00e3o jamais. Durante o processo eleitoral, certos eventos como carreata, passeata, com\u00edcios e arrast\u00f5es podemos suprimir j\u00e1 que s\u00e3o aglomera\u00e7\u00f5es de pessoas. Estamos averiguando o quadro\u201d, afirmou o desembargador.&nbsp;<\/p>\n","protected":false},"excerpt":{"rendered":"<p>O presidente do Tribunal Regional Eleitoral da Para\u00edba (TRE-PB), o desembargador Jos\u00e9 Ricardo Porto, afirmou que a realiza\u00e7\u00e3o de carreatas, passeatas e com\u00edcios podem ser&hellip; <\/p>\n","protected":false},"author":2,"featured_media":158755,"comment_status":"closed","ping_status":"closed","sticky":false,"template":"","format":"standard","meta":{"sfsi_plus_gutenberg_text_before_share":"","sfsi_plus_gutenberg_show_text_before_share":"","sfsi_plus_gutenberg_icon_type":"","sfsi_plus_gutenberg_icon_alignemt":"","sfsi_plus_gutenburg_max_per_row":"","footnotes":""},"categories":[11],"tags":[],"class_list":["post-166079","post","type-post","status-publish","format-standard","has-post-thumbnail","hentry","category-politica"],"_links":{"self":[{"href":"https:\/\/www.caririemacao.com\/1\/wp-json\/wp\/v2\/posts\/166079","targetHints":{"allow":["GET"]}}],"collection":[{"href":"https:\/\/www.caririemacao.com\/1\/wp-json\/wp\/v2\/posts"}],"about":[{"href":"https:\/\/www.caririemacao.com\/1\/wp-json\/wp\/v2\/types\/post"}],"author":[{"embeddable":true,"href":"https:\/\/www.caririemacao.com\/1\/wp-json\/wp\/v2\/users\/2"}],"replies":[{"embeddable":true,"href":"https:\/\/www.caririemacao.com\/1\/wp-json\/wp\/v2\/comments?post=166079"}],"version-history":[{"count":1,"href":"https:\/\/www.caririemacao.com\/1\/wp-json\/wp\/v2\/posts\/166079\/revisions"}],"predecessor-version":[{"id":166080,"href":"https:\/\/www.caririemacao.com\/1\/wp-json\/wp\/v2\/posts\/166079\/revisions\/166080"}],"wp:featuredmedia":[{"embeddable":true,"href":"https:\/\/www.caririemacao.com\/1\/wp-json\/wp\/v2\/media\/158755"}],"wp:attachment":[{"href":"https:\/\/www.caririemacao.com\/1\/wp-json\/wp\/v2\/media?parent=166079"}],"wp:term":[{"taxonomy":"category","embeddable":true,"href":"https:\/\/www.caririemacao.com\/1\/wp-json\/wp\/v2\/categories?post=166079"},{"taxonomy":"post_tag","embeddable":true,"href":"https:\/\/www.caririemacao.com\/1\/wp-json\/wp\/v2\/tags?post=166079"}],"curies":[{"name":"wp","href":"https:\/\/api.w.org\/{rel}","templated":true}]}}