{"id":166082,"date":"2020-04-27T11:10:12","date_gmt":"2020-04-27T14:10:12","guid":{"rendered":"https:\/\/www.caririemacao.com\/1\/?p=166082"},"modified":"2020-04-27T11:10:12","modified_gmt":"2020-04-27T14:10:12","slug":"prefeito-de-ss-do-umbuzeiro-cobra-e-der-vai-consertar-cratera-que-se-abriu-na-rodovia-que-liga-o-municipio-a-zabele","status":"publish","type":"post","link":"https:\/\/www.caririemacao.com\/1\/2020\/04\/27\/prefeito-de-ss-do-umbuzeiro-cobra-e-der-vai-consertar-cratera-que-se-abriu-na-rodovia-que-liga-o-municipio-a-zabele\/","title":{"rendered":"Prefeito de SS do Umbuzeiro cobra e DER vai consertar cratera que se abriu na rodovia que liga o munic\u00edpio \u00e0 Zabel\u00ea"},"content":{"rendered":"\n<p><a href=\"https:\/\/i0.wp.com\/www.vitrinedocariri.com.br\/wp-content\/uploads\/2020\/04\/777579E6-F925-4875-A3B1-09AB933C0ED6.png?resize=300%2C225&amp;ssl=1\"><\/a>Devido as fortes chuvas ca\u00eddas na regi\u00e3o do Cariri paraibano, uma cratera se abriu na rodovia PB-264, que liga os munic\u00edpios de Zabel\u00ea e S\u00e3o Sebasti\u00e3o do Umbuzeiro. <\/p>\n\n\n\n<p>A rodovia faz parte do anel vi\u00e1rio do Cariri, que j\u00e1 vem apresentando problemas em v\u00e1rios outros trechos na regi\u00e3o.<\/p>\n\n\n\n<p><br>Com as chuvas ca\u00eddas neste final de semana, o buraco na pista aumentou sua dimens\u00e3o, e causou medo aos motoristas que trafegam pela estrada.<\/p>\n\n\n\n<p><br>O Prefeito de S\u00e3o Sebasti\u00e3o do Umbuzeiro, Adriano Wolff, informou que j\u00e1 acionou o Departamento de Estradas e Rodagens da Para\u00edba \u2013 DER, que j\u00e1 autorizou o conserto da estrada.<\/p>\n\n\n\n<p><br>O local danificado foi sinalizado para evitar acidentes.<\/p>\n","protected":false},"excerpt":{"rendered":"<p>Devido as fortes chuvas ca\u00eddas na regi\u00e3o do Cariri paraibano, uma cratera se abriu na rodovia PB-264, que liga os munic\u00edpios de Zabel\u00ea e S\u00e3o&hellip; <\/p>\n","protected":false},"author":2,"featured_media":166085,"comment_status":"closed","ping_status":"closed","sticky":false,"template":"","format":"standard","meta":{"sfsi_plus_gutenberg_text_before_share":"","sfsi_plus_gutenberg_show_text_before_share":"","sfsi_plus_gutenberg_icon_type":"","sfsi_plus_gutenberg_icon_alignemt":"","sfsi_plus_gutenburg_max_per_row":"","footnotes":""},"categories":[6],"tags":[],"class_list":["post-166082","post","type-post","status-publish","format-standard","has-post-thumbnail","hentry","category-cidades"],"_links":{"self":[{"href":"https:\/\/www.caririemacao.com\/1\/wp-json\/wp\/v2\/posts\/166082","targetHints":{"allow":["GET"]}}],"collection":[{"href":"https:\/\/www.caririemacao.com\/1\/wp-json\/wp\/v2\/posts"}],"about":[{"href":"https:\/\/www.caririemacao.com\/1\/wp-json\/wp\/v2\/types\/post"}],"author":[{"embeddable":true,"href":"https:\/\/www.caririemacao.com\/1\/wp-json\/wp\/v2\/users\/2"}],"replies":[{"embeddable":true,"href":"https:\/\/www.caririemacao.com\/1\/wp-json\/wp\/v2\/comments?post=166082"}],"version-history":[{"count":1,"href":"https:\/\/www.caririemacao.com\/1\/wp-json\/wp\/v2\/posts\/166082\/revisions"}],"predecessor-version":[{"id":166086,"href":"https:\/\/www.caririemacao.com\/1\/wp-json\/wp\/v2\/posts\/166082\/revisions\/166086"}],"wp:featuredmedia":[{"embeddable":true,"href":"https:\/\/www.caririemacao.com\/1\/wp-json\/wp\/v2\/media\/166085"}],"wp:attachment":[{"href":"https:\/\/www.caririemacao.com\/1\/wp-json\/wp\/v2\/media?parent=166082"}],"wp:term":[{"taxonomy":"category","embeddable":true,"href":"https:\/\/www.caririemacao.com\/1\/wp-json\/wp\/v2\/categories?post=166082"},{"taxonomy":"post_tag","embeddable":true,"href":"https:\/\/www.caririemacao.com\/1\/wp-json\/wp\/v2\/tags?post=166082"}],"curies":[{"name":"wp","href":"https:\/\/api.w.org\/{rel}","templated":true}]}}