{"id":166092,"date":"2020-04-27T11:17:03","date_gmt":"2020-04-27T14:17:03","guid":{"rendered":"https:\/\/www.caririemacao.com\/1\/?p=166092"},"modified":"2020-04-27T11:17:03","modified_gmt":"2020-04-27T14:17:03","slug":"nao-fui-aprovado-para-o-auxilio-emergencial-o-que-posso-fazer","status":"publish","type":"post","link":"https:\/\/www.caririemacao.com\/1\/2020\/04\/27\/nao-fui-aprovado-para-o-auxilio-emergencial-o-que-posso-fazer\/","title":{"rendered":"N\u00e3o fui aprovado para o aux\u00edlio emergencial. O que posso fazer?"},"content":{"rendered":"\n<figure class=\"wp-block-image\"><a href=\"https:\/\/www.portaltvcariri.com.br\/wp-content\/uploads\/2020\/04\/20200407035416_860_645_-_caixa_auxilio_emergencial-1.jpg\"><img decoding=\"async\" data-src=\"https:\/\/www.portaltvcariri.com.br\/wp-content\/uploads\/2020\/04\/20200407035416_860_645_-_caixa_auxilio_emergencial-1-696x522.jpg\" alt=\"\" title=\"20200407035416_860_645_-_caixa_auxilio_emergencial-1\" src=\"data:image\/svg+xml;base64,PHN2ZyB3aWR0aD0iMSIgaGVpZ2h0PSIxIiB4bWxucz0iaHR0cDovL3d3dy53My5vcmcvMjAwMC9zdmciPjwvc3ZnPg==\" class=\"lazyload\" style=\"--smush-placeholder-width: 696px; --smush-placeholder-aspect-ratio: 696\/522;\" \/><\/a><\/figure>\n\n\n\n<p>N\u00e3o fui aprovado para o aux\u00edlio emergencial. A resposta foi \u201cdados inconclusivos\u201d, mas eu preciso muito. O que posso fazer?<\/p>\n\n\n\n<p>Meu benef\u00edcio foi negado, mas eu tenho atendo a todas as condi\u00e7\u00f5es. E agora?<\/p>\n\n\n\n<p><strong>Resposta:<\/strong>&nbsp;Segundo informa a assessoria da Caixa Econ\u00f4mica Federal, o aplicativo da Aux\u00edlio Emergencial&nbsp;<strong>passou a disponibilizar a possibilidade de nova solicita\u00e7\u00e3o ou contesta\u00e7\u00e3o&nbsp;<\/strong>do resultado da an\u00e1lise efetuada pela Dataprev.&nbsp;An\u00fancio<ins><\/ins><\/p>\n\n\n\n<p>SAIBA O QUE FAZER:<\/p>\n\n\n\n<p><strong>Se o pedido foi negado:<\/strong><\/p>\n\n\n\n<p>Se o resultado da an\u00e1lise t\u00e9cnica for \u201cbenef\u00edcio n\u00e3o aprovado\u201d, o cidad\u00e3o pode contestar o motivo da n\u00e3o aprova\u00e7\u00e3o ou realizar nova solicita\u00e7\u00e3o.<\/p>\n\n\n\n<p><strong>Se os dados foram considerados inconclusivos:<\/strong><\/p>\n\n\n\n<p>Se a resposta que recebeu foi que os dados eram inconclusivos, o caminho \u00e9 uma nova solicita\u00e7\u00e3o.<\/p>\n\n\n\n<p><strong>Os motivos habituais de inconclus\u00e3o s\u00e3o os seguintes:<\/strong><\/p>\n\n\n\n<p>\u2022 Marca\u00e7\u00e3o como chefe de fam\u00edlia sem indica\u00e7\u00e3o de nenhum membro<br>\u2022 Falta de inser\u00e7\u00e3o da informa\u00e7\u00e3o de sexo<br>\u2022 Inser\u00e7\u00e3o incorreta de dados de membro da fam\u00edlia, como CPF e data de nascimento<br>\u2022 Diverg\u00eancia de cadastramento entre membros da mesma fam\u00edlia<br>\u2022 Inclus\u00e3o de alguma pessoa da fam\u00edlia com indicativo de \u00f3bito.<\/p>\n","protected":false},"excerpt":{"rendered":"<p>N\u00e3o fui aprovado para o aux\u00edlio emergencial. A resposta foi \u201cdados inconclusivos\u201d, mas eu preciso muito. O que posso fazer? Meu benef\u00edcio foi negado, mas&hellip; <\/p>\n","protected":false},"author":2,"featured_media":164684,"comment_status":"closed","ping_status":"closed","sticky":false,"template":"","format":"standard","meta":{"sfsi_plus_gutenberg_text_before_share":"","sfsi_plus_gutenberg_show_text_before_share":"","sfsi_plus_gutenberg_icon_type":"","sfsi_plus_gutenberg_icon_alignemt":"","sfsi_plus_gutenburg_max_per_row":"","footnotes":""},"categories":[2],"tags":[],"class_list":["post-166092","post","type-post","status-publish","format-standard","has-post-thumbnail","hentry","category-geral"],"_links":{"self":[{"href":"https:\/\/www.caririemacao.com\/1\/wp-json\/wp\/v2\/posts\/166092","targetHints":{"allow":["GET"]}}],"collection":[{"href":"https:\/\/www.caririemacao.com\/1\/wp-json\/wp\/v2\/posts"}],"about":[{"href":"https:\/\/www.caririemacao.com\/1\/wp-json\/wp\/v2\/types\/post"}],"author":[{"embeddable":true,"href":"https:\/\/www.caririemacao.com\/1\/wp-json\/wp\/v2\/users\/2"}],"replies":[{"embeddable":true,"href":"https:\/\/www.caririemacao.com\/1\/wp-json\/wp\/v2\/comments?post=166092"}],"version-history":[{"count":1,"href":"https:\/\/www.caririemacao.com\/1\/wp-json\/wp\/v2\/posts\/166092\/revisions"}],"predecessor-version":[{"id":166093,"href":"https:\/\/www.caririemacao.com\/1\/wp-json\/wp\/v2\/posts\/166092\/revisions\/166093"}],"wp:featuredmedia":[{"embeddable":true,"href":"https:\/\/www.caririemacao.com\/1\/wp-json\/wp\/v2\/media\/164684"}],"wp:attachment":[{"href":"https:\/\/www.caririemacao.com\/1\/wp-json\/wp\/v2\/media?parent=166092"}],"wp:term":[{"taxonomy":"category","embeddable":true,"href":"https:\/\/www.caririemacao.com\/1\/wp-json\/wp\/v2\/categories?post=166092"},{"taxonomy":"post_tag","embeddable":true,"href":"https:\/\/www.caririemacao.com\/1\/wp-json\/wp\/v2\/tags?post=166092"}],"curies":[{"name":"wp","href":"https:\/\/api.w.org\/{rel}","templated":true}]}}