{"id":166097,"date":"2020-04-27T11:51:55","date_gmt":"2020-04-27T14:51:55","guid":{"rendered":"https:\/\/www.caririemacao.com\/1\/?p=166097"},"modified":"2020-04-27T11:51:55","modified_gmt":"2020-04-27T14:51:55","slug":"prefeitura-de-zabele-realiza-entrega-de-generos-alimenticios","status":"publish","type":"post","link":"https:\/\/www.caririemacao.com\/1\/2020\/04\/27\/prefeitura-de-zabele-realiza-entrega-de-generos-alimenticios\/","title":{"rendered":"Prefeitura de Zabel\u00ea realiza entrega de g\u00eaneros aliment\u00edcios"},"content":{"rendered":"\n<div class=\"wp-block-image\"><figure class=\"aligncenter\"><img decoding=\"async\" data-src=\"https:\/\/opipoco.com.br\/wp-content\/uploads\/2020\/04\/94030541_1610931359069136_1802883075923771392_o.jpg\" alt=\"94030541_1610931359069136_1802883075923771392_o Prefeitura de Zabel\u00ea realiza entrega de g\u00eaneros aliment\u00edcios\" class=\"wp-image-88246 lazyload\" title=\"94030541_1610931359069136_1802883075923771392_o Prefeitura de Zabel\u00ea realiza entrega de g\u00eaneros aliment\u00edcios\" src=\"data:image\/svg+xml;base64,PHN2ZyB3aWR0aD0iMSIgaGVpZ2h0PSIxIiB4bWxucz0iaHR0cDovL3d3dy53My5vcmcvMjAwMC9zdmciPjwvc3ZnPg==\" \/><\/figure><\/div>\n\n\n\n<p>A Prefeitura Municipal de Zabel\u00ea, Secretaria Municipal de Educa\u00e7\u00e3o, Escola Jos\u00e9 Henrique Neto e Escola Maria Bezerra da Silva, realizaram nos dias 23 e 24 de abril de 2020 a entrega de Kits de G\u00eaneros Aliment\u00edcios em estoque das escolas municipais, para os alunos inseridos no Programa Bolsa Fam\u00edlia.<\/p>\n\n\n\n<p>Os Kits cont\u00eam: feij\u00e3o, arroz, macarr\u00e3o, a\u00e7\u00facar, extrato de tomate, bolacha, biscoito, margarina, \u00f3leo, achocolatado, colorau e carne mo\u00edda.<\/p>\n\n\n\n<p>Essa A\u00e7\u00e3o tem como objetivo de complementar a alimenta\u00e7\u00e3o dos alunos, que por sua vez encontram-se em casa devido a suspens\u00e3o das aulas em decorr\u00eancia ao enfrentamento da pandemia do novo&nbsp;<strong>Coranav\u00edrus<\/strong>.<\/p>\n\n\n\n<p>A Secret\u00e1ria Municipal de Educa\u00e7\u00e3o a professora Marleide Oliveira, destacou durante a realiza\u00e7\u00e3o da entrega que esses kits foram adquiridos com recursos pr\u00f3prios da Prefeitura e que se encontravam em estoque nas Escolas Municipais. Para ser transparentes e democr\u00e1ticos reunimos e tivemos todo o apoio dos membros que comp\u00f5e o CAE (Conselho de Alimenta\u00e7\u00e3o Escolar) e Gestores Escolares. Onde juntos selecionamos as fam\u00edlias mais carentes para realizarmos as entregas.<img fetchpriority=\"high\" decoding=\"async\" src=\"https:\/\/opipoco.com.br\/wp-content\/uploads\/2020\/04\/94005319_1610931375735801_7857786283148443648_o.jpg\" alt=\"94005319_1610931375735801_7857786283148443648_o Prefeitura de Zabel\u00ea realiza entrega de g\u00eaneros aliment\u00edcios\" width=\"1440\" height=\"810\" srcset=\"https:\/\/opipoco.com.br\/wp-content\/uploads\/2020\/04\/94005319_1610931375735801_7857786283148443648_o.jpg 1440w, https:\/\/opipoco.com.br\/wp-content\/uploads\/2020\/04\/94005319_1610931375735801_7857786283148443648_o-700x394.jpg 700w, https:\/\/opipoco.com.br\/wp-content\/uploads\/2020\/04\/94005319_1610931375735801_7857786283148443648_o-980x551.jpg 980w, https:\/\/opipoco.com.br\/wp-content\/uploads\/2020\/04\/94005319_1610931375735801_7857786283148443648_o-768x432.jpg 768w, https:\/\/opipoco.com.br\/wp-content\/uploads\/2020\/04\/94005319_1610931375735801_7857786283148443648_o-390x220.jpg 390w\"><\/p>\n","protected":false},"excerpt":{"rendered":"<p>A Prefeitura Municipal de Zabel\u00ea, Secretaria Municipal de Educa\u00e7\u00e3o, Escola Jos\u00e9 Henrique Neto e Escola Maria Bezerra da Silva, realizaram nos dias 23 e 24&hellip; <\/p>\n","protected":false},"author":2,"featured_media":166098,"comment_status":"closed","ping_status":"closed","sticky":false,"template":"","format":"standard","meta":{"sfsi_plus_gutenberg_text_before_share":"","sfsi_plus_gutenberg_show_text_before_share":"","sfsi_plus_gutenberg_icon_type":"","sfsi_plus_gutenberg_icon_alignemt":"","sfsi_plus_gutenburg_max_per_row":"","footnotes":""},"categories":[6],"tags":[],"class_list":["post-166097","post","type-post","status-publish","format-standard","has-post-thumbnail","hentry","category-cidades"],"_links":{"self":[{"href":"https:\/\/www.caririemacao.com\/1\/wp-json\/wp\/v2\/posts\/166097","targetHints":{"allow":["GET"]}}],"collection":[{"href":"https:\/\/www.caririemacao.com\/1\/wp-json\/wp\/v2\/posts"}],"about":[{"href":"https:\/\/www.caririemacao.com\/1\/wp-json\/wp\/v2\/types\/post"}],"author":[{"embeddable":true,"href":"https:\/\/www.caririemacao.com\/1\/wp-json\/wp\/v2\/users\/2"}],"replies":[{"embeddable":true,"href":"https:\/\/www.caririemacao.com\/1\/wp-json\/wp\/v2\/comments?post=166097"}],"version-history":[{"count":1,"href":"https:\/\/www.caririemacao.com\/1\/wp-json\/wp\/v2\/posts\/166097\/revisions"}],"predecessor-version":[{"id":166099,"href":"https:\/\/www.caririemacao.com\/1\/wp-json\/wp\/v2\/posts\/166097\/revisions\/166099"}],"wp:featuredmedia":[{"embeddable":true,"href":"https:\/\/www.caririemacao.com\/1\/wp-json\/wp\/v2\/media\/166098"}],"wp:attachment":[{"href":"https:\/\/www.caririemacao.com\/1\/wp-json\/wp\/v2\/media?parent=166097"}],"wp:term":[{"taxonomy":"category","embeddable":true,"href":"https:\/\/www.caririemacao.com\/1\/wp-json\/wp\/v2\/categories?post=166097"},{"taxonomy":"post_tag","embeddable":true,"href":"https:\/\/www.caririemacao.com\/1\/wp-json\/wp\/v2\/tags?post=166097"}],"curies":[{"name":"wp","href":"https:\/\/api.w.org\/{rel}","templated":true}]}}