{"id":166101,"date":"2020-04-27T12:46:51","date_gmt":"2020-04-27T15:46:51","guid":{"rendered":"https:\/\/www.caririemacao.com\/1\/?p=166101"},"modified":"2020-04-27T12:46:51","modified_gmt":"2020-04-27T15:46:51","slug":"secretario-de-saude-da-paraiba-nao-e-o-momento-para-abrir-o-comercio","status":"publish","type":"post","link":"https:\/\/www.caririemacao.com\/1\/2020\/04\/27\/secretario-de-saude-da-paraiba-nao-e-o-momento-para-abrir-o-comercio\/","title":{"rendered":"Secret\u00e1rio de Sa\u00fade da Para\u00edba: \u201cN\u00e3o \u00e9 o momento para abrir o com\u00e9rcio\u201d"},"content":{"rendered":"\n<p>O secret\u00e1rio de Sa\u00fade do Estado, Geraldo Medeiros, afirmou que atualmente o cen\u00e1rio do novo coronav\u00edrus na Para\u00edba \u00e9 de 77% dos casos na Grande Jo\u00e3o Pessoa, de 5% a 9% dos casos em Campina Grande e os demais casos em outras cidades do Estado.<\/p>\n\n\n\n<p>Ele destacou que \u00e9 necess\u00e1rio manter o isolamento social, pois a curva mais alta foi prevista do dia 20 de abril a todo o m\u00eas de maio, baseado em estudos de dados dos munic\u00edpios que t\u00eam maior circula\u00e7\u00e3o viral.<\/p>\n\n\n\n<p>Geraldo declarou, durante entrevista \u00e0 R\u00e1dio Caturit\u00e9 FM, que n\u00e3o se pode abrir o com\u00e9rcio neste momento, pois os casos aumentariam e, consequentemente, o n\u00famero de mortes tamb\u00e9m.<\/p>\n\n\n\n<p>Ele frisou que a Para\u00edba est\u00e1 em uma situa\u00e7\u00e3o relativamente confort\u00e1vel em rela\u00e7\u00e3o ao n\u00famero de leitos de UTI e enfermaria dispon\u00edveis.<\/p>\n\n\n\n<p>\u2013 Pedimos mais paci\u00eancia aos comerciantes. \u00c9 fundamental que a sociedade entenda que este n\u00e3o \u00e9 o momento para abrir o com\u00e9rcio ou ter flexibiliza\u00e7\u00e3o, porque sen\u00e3o teremos daqui a quinze dias o reflexo disso \u2013 apontou.<\/p>\n\n\n\n<p>O secret\u00e1rio declarou que os testes r\u00e1pidos j\u00e1 est\u00e3o sendo feitos em domic\u00edlio na capital paraibana e logo ser\u00e3o feitos em Campina Grande, em parceria com a Secretaria Municipal de Sa\u00fade.<\/p>\n\n\n\n<p>Ele citou que os testes s\u00f3 podem ser feitos a partir de oito dias dos sintomas e o objetivo dos testes feitos em casa \u00e9 reduzir a aglomera\u00e7\u00e3o nas unidades de sa\u00fade.<\/p>\n","protected":false},"excerpt":{"rendered":"<p>O secret\u00e1rio de Sa\u00fade do Estado, Geraldo Medeiros, afirmou que atualmente o cen\u00e1rio do novo coronav\u00edrus na Para\u00edba \u00e9 de 77% dos casos na Grande&hellip; <\/p>\n","protected":false},"author":2,"featured_media":166102,"comment_status":"closed","ping_status":"closed","sticky":false,"template":"","format":"standard","meta":{"sfsi_plus_gutenberg_text_before_share":"","sfsi_plus_gutenberg_show_text_before_share":"","sfsi_plus_gutenberg_icon_type":"","sfsi_plus_gutenberg_icon_alignemt":"","sfsi_plus_gutenburg_max_per_row":"","footnotes":""},"categories":[11],"tags":[],"class_list":["post-166101","post","type-post","status-publish","format-standard","has-post-thumbnail","hentry","category-politica"],"_links":{"self":[{"href":"https:\/\/www.caririemacao.com\/1\/wp-json\/wp\/v2\/posts\/166101","targetHints":{"allow":["GET"]}}],"collection":[{"href":"https:\/\/www.caririemacao.com\/1\/wp-json\/wp\/v2\/posts"}],"about":[{"href":"https:\/\/www.caririemacao.com\/1\/wp-json\/wp\/v2\/types\/post"}],"author":[{"embeddable":true,"href":"https:\/\/www.caririemacao.com\/1\/wp-json\/wp\/v2\/users\/2"}],"replies":[{"embeddable":true,"href":"https:\/\/www.caririemacao.com\/1\/wp-json\/wp\/v2\/comments?post=166101"}],"version-history":[{"count":1,"href":"https:\/\/www.caririemacao.com\/1\/wp-json\/wp\/v2\/posts\/166101\/revisions"}],"predecessor-version":[{"id":166103,"href":"https:\/\/www.caririemacao.com\/1\/wp-json\/wp\/v2\/posts\/166101\/revisions\/166103"}],"wp:featuredmedia":[{"embeddable":true,"href":"https:\/\/www.caririemacao.com\/1\/wp-json\/wp\/v2\/media\/166102"}],"wp:attachment":[{"href":"https:\/\/www.caririemacao.com\/1\/wp-json\/wp\/v2\/media?parent=166101"}],"wp:term":[{"taxonomy":"category","embeddable":true,"href":"https:\/\/www.caririemacao.com\/1\/wp-json\/wp\/v2\/categories?post=166101"},{"taxonomy":"post_tag","embeddable":true,"href":"https:\/\/www.caririemacao.com\/1\/wp-json\/wp\/v2\/tags?post=166101"}],"curies":[{"name":"wp","href":"https:\/\/api.w.org\/{rel}","templated":true}]}}