{"id":166109,"date":"2020-05-01T00:01:00","date_gmt":"2020-05-01T03:01:00","guid":{"rendered":"https:\/\/www.caririemacao.com\/1\/?p=166109"},"modified":"2020-04-27T14:00:23","modified_gmt":"2020-04-27T17:00:23","slug":"a-crise-do-coronavirus-acelerou-as-tendencias-do-futuro-do-trabalho","status":"publish","type":"post","link":"https:\/\/www.caririemacao.com\/1\/2020\/05\/01\/a-crise-do-coronavirus-acelerou-as-tendencias-do-futuro-do-trabalho\/","title":{"rendered":"A Crise do Coronav\u00edrus acelerou as tend\u00eancias do futuro do trabalho"},"content":{"rendered":"\n<p>Maio iniciou em meio a um cen\u00e1rio marcado por imprevis\u00f5es! O 1\u00ba de maio no\u00a0Brasil\u00a0comemora o\u00a0Dia do Trabalho, dia importante porque homenageia o trabalhador que com marcas hist\u00f3ricas de lutas nos faz reconhecer seus valores. M\u00eas de rever\u00eancias e homenagens aqueles que fazem a grandeza de seu pa\u00eds e garantem a vida de suas fam\u00edlias. E como viver esse primeiro de meio em Isolamento Social, lutando contra uma pandemia, com futuro cheio de suspenses e\/ou incertezas?<\/p>\n\n\n\n<p>\u00c9 not\u00f3rio que os processos de transforma\u00e7\u00f5es que estamos vivendo desencadeiam grandes modifica\u00e7\u00f5es na sociedade. S\u00e3o altera\u00e7\u00f5es de comportamento instigadas por fatores emocionais inesperados, conduzindo-nos a assumir novas posturas. A pandemia, por consequ\u00eancia, o confinamento, modificou nossos h\u00e1bitos, costumes e modos de ser.<\/p>\n\n\n\n<p>\u00c9 exatamente esse ciclo de mudan\u00e7as que o pa\u00eds est\u00e1 vivendo atualmente. O comportamento humano est\u00e1 desencadeando s\u00e9rios impactos nas rela\u00e7\u00f5es pessoais e, principalmente, profissionais. Diante desse cen\u00e1rio, algumas perguntas inevitavelmente surgem: como as empresas v\u00e3o lidar com essa mudan\u00e7a geral no comportamento dos trabalhadores? A partir de agora, o que elas v\u00e3o buscar em um candidato?&nbsp;<\/p>\n\n\n\n<p>Em um mundo movido \u00e0 tecnologia, as grandes tend\u00eancias que guiam comportamentos s\u00e3o as que avan\u00e7am na velocidade das inova\u00e7\u00f5es digitais e se guiam por elas. Os crit\u00e9rios da contrata\u00e7\u00e3o de profissionais se restringiam \u00e0 forma\u00e7\u00e3o acad\u00eamica e experi\u00eancia t\u00e9cnica, agora, esse m\u00e9todo de avalia\u00e7\u00e3o n\u00e3o ser\u00e1 mais o mesmo. Na Sociedade 5.0, os candidatos que apresentarem maior flexibilidade, capacidade de autogest\u00e3o e proatividade ter\u00e3o vantagens na hora de encontrar um emprego<em>.<\/em>&nbsp;As preocupa\u00e7\u00f5es v\u00e3o se voltar muito mais para a forma como essas pessoas trabalham do que para o curr\u00edculo, s\u00e3o quest\u00f5es referentes \u00e0 intelig\u00eancia emocional.<\/p>\n\n\n\n<p>O poder de autodisciplina e a capacidade de autogest\u00e3o ser\u00e3o grandes diferenciais nessa Sociedade 5.0. Uma pessoa autogerenci\u00e1vel que se adapta a um ambiente altamente tecnol\u00f3gico.<\/p>\n\n\n\n<p>Qualifica\u00e7\u00e3o \u00e9 a palavra chave! Especializar-se em \u00e1reas diferentes, estudar novos cursos, estimular \u00e0 cria\u00e7\u00e3o de novos projetos, trabalhar a capacidade de autocontrole, desenvolver a criatividade e buscar insights. Todas as iniciativas inovadoras s\u00e3o v\u00e1lidas para esse processo de readapta\u00e7\u00e3o. Reunir todos os aprendizados que o isolamento social te trouxe \u00e9 fundamental para descobrir o que voc\u00ea pode criar de novo.&nbsp;<\/p>\n\n\n\n<p><em>Por Jane \u00c9rica, CEO da Somnus Consultoria<\/em><\/p>\n","protected":false},"excerpt":{"rendered":"<p>Maio iniciou em meio a um cen\u00e1rio marcado por imprevis\u00f5es! O 1\u00ba de maio no\u00a0Brasil\u00a0comemora o\u00a0Dia do Trabalho, dia importante porque homenageia o trabalhador que&hellip; <\/p>\n","protected":false},"author":1,"featured_media":166111,"comment_status":"closed","ping_status":"closed","sticky":false,"template":"","format":"standard","meta":{"sfsi_plus_gutenberg_text_before_share":"","sfsi_plus_gutenberg_show_text_before_share":"","sfsi_plus_gutenberg_icon_type":"","sfsi_plus_gutenberg_icon_alignemt":"","sfsi_plus_gutenburg_max_per_row":"","footnotes":""},"categories":[50,2],"tags":[],"class_list":["post-166109","post","type-post","status-publish","format-standard","has-post-thumbnail","hentry","category-destaque","category-geral"],"_links":{"self":[{"href":"https:\/\/www.caririemacao.com\/1\/wp-json\/wp\/v2\/posts\/166109","targetHints":{"allow":["GET"]}}],"collection":[{"href":"https:\/\/www.caririemacao.com\/1\/wp-json\/wp\/v2\/posts"}],"about":[{"href":"https:\/\/www.caririemacao.com\/1\/wp-json\/wp\/v2\/types\/post"}],"author":[{"embeddable":true,"href":"https:\/\/www.caririemacao.com\/1\/wp-json\/wp\/v2\/users\/1"}],"replies":[{"embeddable":true,"href":"https:\/\/www.caririemacao.com\/1\/wp-json\/wp\/v2\/comments?post=166109"}],"version-history":[{"count":1,"href":"https:\/\/www.caririemacao.com\/1\/wp-json\/wp\/v2\/posts\/166109\/revisions"}],"predecessor-version":[{"id":166112,"href":"https:\/\/www.caririemacao.com\/1\/wp-json\/wp\/v2\/posts\/166109\/revisions\/166112"}],"wp:featuredmedia":[{"embeddable":true,"href":"https:\/\/www.caririemacao.com\/1\/wp-json\/wp\/v2\/media\/166111"}],"wp:attachment":[{"href":"https:\/\/www.caririemacao.com\/1\/wp-json\/wp\/v2\/media?parent=166109"}],"wp:term":[{"taxonomy":"category","embeddable":true,"href":"https:\/\/www.caririemacao.com\/1\/wp-json\/wp\/v2\/categories?post=166109"},{"taxonomy":"post_tag","embeddable":true,"href":"https:\/\/www.caririemacao.com\/1\/wp-json\/wp\/v2\/tags?post=166109"}],"curies":[{"name":"wp","href":"https:\/\/api.w.org\/{rel}","templated":true}]}}