{"id":166120,"date":"2020-04-27T14:17:05","date_gmt":"2020-04-27T17:17:05","guid":{"rendered":"https:\/\/www.caririemacao.com\/1\/?p=166120"},"modified":"2020-04-27T14:17:05","modified_gmt":"2020-04-27T17:17:05","slug":"suspensao-de-aulas-do-ifpb-e-prorrogada-ate-o-dia-29-de-maio","status":"publish","type":"post","link":"https:\/\/www.caririemacao.com\/1\/2020\/04\/27\/suspensao-de-aulas-do-ifpb-e-prorrogada-ate-o-dia-29-de-maio\/","title":{"rendered":"Suspens\u00e3o de aulas do IFPB \u00e9 prorrogada at\u00e9 o dia 29 de maio"},"content":{"rendered":"\n<p>O Comit\u00ea de Crise do IFPB prorrogou at\u00e9 29 de maio a suspens\u00e3o de aulas da institui\u00e7\u00e3o por causa da pandemia do novo coronav\u00edrus. A proposta foi aprovada por unanimidade ap\u00f3s ser apresentada pela Pr\u00f3-Reitora Mary Roberta, a qual fez um relato do est\u00e1gio atual da pandemia no pa\u00eds e na Para\u00edba, onde o n\u00famero de mortos por Covid-19 supera os 50 casos e os infectados passam de 500 no estado. A reuni\u00e3o foi realizada atrav\u00e9s de v\u00eddeoconfer\u00eancia na manh\u00e3 desta segunda-feira (27).<\/p>\n\n\n\n<p>A proposta ser\u00e1 encaminhada ao Col\u00e9gio de Dirigentes que se reunir\u00e1 tamb\u00e9m atrav\u00e9s de videoconfer\u00eancia ainda hoje \u00e0s 14h.<\/p>\n\n\n\n<p>Hoje tamb\u00e9m o Comit\u00ea do IFPB respons\u00e1vel pelo enfrentamento da dissemina\u00e7\u00e3o e combate \u00e0 Covid-19 fez o lan\u00e7amento oficial da campanha IFPB Solid\u00e1rio. Presidida pela Pr\u00f3-Reitora Mary Roberta Meira Marinho, a reuni\u00e3o foi aberta com os informes sobre as a\u00e7\u00f5es que est\u00e3o sendo realizadas em toda a Institui\u00e7\u00e3o relativas ao enfrentamento da pandemia.<\/p>\n\n\n\n<p>O Pr\u00f3-Reitor de Assuntos Estudantis, Manoel Pereira de Macedo Neto, explicou como ser\u00e1 realizada a Campanha IFPB Solid\u00e1rio, apresentando os parceiros que neste primeiro momento se uniram ao Instituto Federal da Para\u00edba, como a Funda\u00e7\u00e3o de Apoio ao IFPB (FUNETEC), a Associa\u00e7\u00e3o dos Servidores do IFPB (ASSIFPB), o&nbsp; Sindicato dos Trabalhadores da Educa\u00e7\u00e3o B\u00e1sica, Profissional e Tecnol\u00f3gica da Para\u00edba (SINTEF-PB), o Sistema de Cooperativas de Cr\u00e9dito do Brasil (SICOOB) e a Associa\u00e7\u00e3o Estudantil de Gr\u00eamios T\u00e9cnicos (ASSEGT).<\/p>\n\n\n\n<p>Participando do lan\u00e7amento oficial da campanha, o Superintendente da FUNETEC,&nbsp; Anselmo Castilho, falou de sua satisfa\u00e7\u00e3o em acompanhar o IFPB na campanha e destacou que a FUNETEC vai administrar os recursos sem custos. Explicou que toda a movimenta\u00e7\u00e3o dos recursos ser\u00e1 feita atrav\u00e9s de processo vinculado \u00e0 legisla\u00e7\u00e3o apropriada e que a movimenta\u00e7\u00e3o ser\u00e1 disponibilizada na p\u00e1gina da campanha do site do IFPB, como forma de prestar contas \u00e0 sociedade. Informou tamb\u00e9m que o termo de coopera\u00e7\u00e3o ser\u00e1 assinado na reuni\u00e3o do Col\u00e9gio de Dirigentes do IFPB, ainda nesta segunda-feira, \u00e0s 14h.<\/p>\n\n\n\n<p>Toda identidade visual da campanha foi apresentada pelo Diretor de Comunica\u00e7\u00e3o, Filipe Francilino de Sousa, e pelo diretor-geral do Campus Cabedelo, L\u00edcio Romero Costa, ambos participantes do comit\u00ea da campanha IFPB Solid\u00e1rio. Foi produzido um v\u00eddeo que ser\u00e1 veiculado em todas as m\u00eddias, marcando o lan\u00e7amento da campanha.<\/p>\n","protected":false},"excerpt":{"rendered":"<p>O Comit\u00ea de Crise do IFPB prorrogou at\u00e9 29 de maio a suspens\u00e3o de aulas da institui\u00e7\u00e3o por causa da pandemia do novo coronav\u00edrus. A&hellip; <\/p>\n","protected":false},"author":2,"featured_media":153513,"comment_status":"closed","ping_status":"closed","sticky":false,"template":"","format":"standard","meta":{"sfsi_plus_gutenberg_text_before_share":"","sfsi_plus_gutenberg_show_text_before_share":"","sfsi_plus_gutenberg_icon_type":"","sfsi_plus_gutenberg_icon_alignemt":"","sfsi_plus_gutenburg_max_per_row":"","footnotes":""},"categories":[14],"tags":[],"class_list":["post-166120","post","type-post","status-publish","format-standard","has-post-thumbnail","hentry","category-educacao"],"_links":{"self":[{"href":"https:\/\/www.caririemacao.com\/1\/wp-json\/wp\/v2\/posts\/166120","targetHints":{"allow":["GET"]}}],"collection":[{"href":"https:\/\/www.caririemacao.com\/1\/wp-json\/wp\/v2\/posts"}],"about":[{"href":"https:\/\/www.caririemacao.com\/1\/wp-json\/wp\/v2\/types\/post"}],"author":[{"embeddable":true,"href":"https:\/\/www.caririemacao.com\/1\/wp-json\/wp\/v2\/users\/2"}],"replies":[{"embeddable":true,"href":"https:\/\/www.caririemacao.com\/1\/wp-json\/wp\/v2\/comments?post=166120"}],"version-history":[{"count":1,"href":"https:\/\/www.caririemacao.com\/1\/wp-json\/wp\/v2\/posts\/166120\/revisions"}],"predecessor-version":[{"id":166122,"href":"https:\/\/www.caririemacao.com\/1\/wp-json\/wp\/v2\/posts\/166120\/revisions\/166122"}],"wp:featuredmedia":[{"embeddable":true,"href":"https:\/\/www.caririemacao.com\/1\/wp-json\/wp\/v2\/media\/153513"}],"wp:attachment":[{"href":"https:\/\/www.caririemacao.com\/1\/wp-json\/wp\/v2\/media?parent=166120"}],"wp:term":[{"taxonomy":"category","embeddable":true,"href":"https:\/\/www.caririemacao.com\/1\/wp-json\/wp\/v2\/categories?post=166120"},{"taxonomy":"post_tag","embeddable":true,"href":"https:\/\/www.caririemacao.com\/1\/wp-json\/wp\/v2\/tags?post=166120"}],"curies":[{"name":"wp","href":"https:\/\/api.w.org\/{rel}","templated":true}]}}