{"id":166124,"date":"2020-04-27T14:18:55","date_gmt":"2020-04-27T17:18:55","guid":{"rendered":"https:\/\/www.caririemacao.com\/1\/?p=166124"},"modified":"2020-04-27T14:24:39","modified_gmt":"2020-04-27T17:24:39","slug":"prefeitura-de-sume-paga-salarios-de-abril-e-faz-campanha-de-uso-de-aplicativos-para-pagamentos","status":"publish","type":"post","link":"https:\/\/www.caririemacao.com\/1\/2020\/04\/27\/prefeitura-de-sume-paga-salarios-de-abril-e-faz-campanha-de-uso-de-aplicativos-para-pagamentos\/","title":{"rendered":"Prefeitura de Sum\u00e9 paga sal\u00e1rios de abril e faz campanha de uso de aplicativos para pagamentos"},"content":{"rendered":"\n<p>O prefeito \u00c9den Duarte todos os meses honra o compromisso de pagar o sal\u00e1rio dos servidores municipais dentro do m\u00eas trabalhado.<\/p>\n\n\n\n<p>Neste m\u00eas de abril, o pagamento da folha de pessoal teve in\u00edcio na \u00faltima sexta-feira (24), com o dep\u00f3sito de sal\u00e1rio dos professores efetivos, programas da assist\u00eancia social e Programa Projovem Campo.<\/p>\n\n\n\n<p>Nesta segunda-feira (27) recebem os profissionais que fazem parte dos Programas da Sa\u00fade, Vigil\u00e2ncia Ambiental, Agentes Comunit\u00e1rios de Sa\u00fade, Farm\u00e1cia B\u00e1sica, Hospital e Maternidade Alice de Almeida e contratados. As demais pastas seguem o pagamento no decorrer da semana.<\/p>\n\n\n\n<p>Paralelo ao pagamento da folha, a gest\u00e3o do prefeito \u00c9den est\u00e1 lan\u00e7ando uma campanha com o objetivo de incentivar os servidores do munic\u00edpio a fazerem o pagamento de contas de \u00e1gua, luz, telefone e outros boletos por meio do celular, atrav\u00e9s de aplicativos. A campanha tamb\u00e9m incentiva os servidores a usarem mais o cart\u00e3o de d\u00e9bito eletronicamente em suas transa\u00e7\u00f5es comerciais.<\/p>\n\n\n\n<p>A iniciativa visa diminuir o fluxo de pessoas nas filas de caixas eletr\u00f4nicos dos bancos e correspondentes banc\u00e1rios. \u201cCom essa atitude preventiva, a popula\u00e7\u00e3o estar\u00e1 fazendo tamb\u00e9m a sua parte e ajudando a administra\u00e7\u00e3o municipal no combate ao coronav\u00edrus\u201d, disse o prefeito \u00c9den.<\/p>\n\n\n\n<p>Como todos os servidores do munic\u00edpio recebem seus proventos em conta corrente, o ideal \u00e9 que, os que ainda n\u00e3o usam o cart\u00e3o magn\u00e9tico em suas transa\u00e7\u00f5es financeiras, passem a fazer mais uso desse recurso nesse momento de isolamento social. Dessa forma, al\u00e9m de evitar aglomera\u00e7\u00f5es em locais de grande circula\u00e7\u00e3o de pessoas, evitaria tamb\u00e9m o cont\u00e1gio da doen\u00e7a.<\/p>\n\n\n\n<p>Ascom PMS<\/p>\n","protected":false},"excerpt":{"rendered":"<p>O prefeito \u00c9den Duarte todos os meses honra o compromisso de pagar o sal\u00e1rio dos servidores municipais dentro do m\u00eas trabalhado. Neste m\u00eas de abril,&hellip; <\/p>\n","protected":false},"author":1,"featured_media":166129,"comment_status":"closed","ping_status":"closed","sticky":false,"template":"","format":"standard","meta":{"sfsi_plus_gutenberg_text_before_share":"","sfsi_plus_gutenberg_show_text_before_share":"","sfsi_plus_gutenberg_icon_type":"","sfsi_plus_gutenberg_icon_alignemt":"","sfsi_plus_gutenburg_max_per_row":"","footnotes":""},"categories":[6,50],"tags":[],"class_list":["post-166124","post","type-post","status-publish","format-standard","has-post-thumbnail","hentry","category-cidades","category-destaque"],"_links":{"self":[{"href":"https:\/\/www.caririemacao.com\/1\/wp-json\/wp\/v2\/posts\/166124","targetHints":{"allow":["GET"]}}],"collection":[{"href":"https:\/\/www.caririemacao.com\/1\/wp-json\/wp\/v2\/posts"}],"about":[{"href":"https:\/\/www.caririemacao.com\/1\/wp-json\/wp\/v2\/types\/post"}],"author":[{"embeddable":true,"href":"https:\/\/www.caririemacao.com\/1\/wp-json\/wp\/v2\/users\/1"}],"replies":[{"embeddable":true,"href":"https:\/\/www.caririemacao.com\/1\/wp-json\/wp\/v2\/comments?post=166124"}],"version-history":[{"count":1,"href":"https:\/\/www.caririemacao.com\/1\/wp-json\/wp\/v2\/posts\/166124\/revisions"}],"predecessor-version":[{"id":166125,"href":"https:\/\/www.caririemacao.com\/1\/wp-json\/wp\/v2\/posts\/166124\/revisions\/166125"}],"wp:featuredmedia":[{"embeddable":true,"href":"https:\/\/www.caririemacao.com\/1\/wp-json\/wp\/v2\/media\/166129"}],"wp:attachment":[{"href":"https:\/\/www.caririemacao.com\/1\/wp-json\/wp\/v2\/media?parent=166124"}],"wp:term":[{"taxonomy":"category","embeddable":true,"href":"https:\/\/www.caririemacao.com\/1\/wp-json\/wp\/v2\/categories?post=166124"},{"taxonomy":"post_tag","embeddable":true,"href":"https:\/\/www.caririemacao.com\/1\/wp-json\/wp\/v2\/tags?post=166124"}],"curies":[{"name":"wp","href":"https:\/\/api.w.org\/{rel}","templated":true}]}}