{"id":166134,"date":"2020-04-27T14:57:58","date_gmt":"2020-04-27T17:57:58","guid":{"rendered":"https:\/\/www.caririemacao.com\/1\/?p=166134"},"modified":"2020-04-27T14:57:58","modified_gmt":"2020-04-27T17:57:58","slug":"joao-azevedo-anuncia-pagamento-de-servidores-nesta-quarta-e-quinta-feira","status":"publish","type":"post","link":"https:\/\/www.caririemacao.com\/1\/2020\/04\/27\/joao-azevedo-anuncia-pagamento-de-servidores-nesta-quarta-e-quinta-feira\/","title":{"rendered":"Jo\u00e3o Azev\u00eado anuncia pagamento de servidores nesta quarta e quinta-feira"},"content":{"rendered":"\n<p>O Governo da Para\u00edba vai pagar os sal\u00e1rios dos servidores estaduais na quarta-feira (29) e na quinta-feira (30).<\/p>\n\n\n\n<p>O an\u00fancio foi feito por Jo\u00e3o Azev\u00eado, no programa Fala Governador, e divulgado nas redes sociais do Estado.<\/p>\n\n\n\n<p>Na quarta-feira ser\u00e3o feitos os pagamentos para aposentados e pensionistas. J\u00e1 na quinta-feira, ser\u00e3o remunerados os servidores da ativa.<\/p>\n","protected":false},"excerpt":{"rendered":"<p>O Governo da Para\u00edba vai pagar os sal\u00e1rios dos servidores estaduais na quarta-feira (29) e na quinta-feira (30). O an\u00fancio foi feito por Jo\u00e3o Azev\u00eado,&hellip; <\/p>\n","protected":false},"author":2,"featured_media":165510,"comment_status":"closed","ping_status":"closed","sticky":false,"template":"","format":"standard","meta":{"sfsi_plus_gutenberg_text_before_share":"","sfsi_plus_gutenberg_show_text_before_share":"","sfsi_plus_gutenberg_icon_type":"","sfsi_plus_gutenberg_icon_alignemt":"","sfsi_plus_gutenburg_max_per_row":"","footnotes":""},"categories":[2],"tags":[],"class_list":["post-166134","post","type-post","status-publish","format-standard","has-post-thumbnail","hentry","category-geral"],"_links":{"self":[{"href":"https:\/\/www.caririemacao.com\/1\/wp-json\/wp\/v2\/posts\/166134","targetHints":{"allow":["GET"]}}],"collection":[{"href":"https:\/\/www.caririemacao.com\/1\/wp-json\/wp\/v2\/posts"}],"about":[{"href":"https:\/\/www.caririemacao.com\/1\/wp-json\/wp\/v2\/types\/post"}],"author":[{"embeddable":true,"href":"https:\/\/www.caririemacao.com\/1\/wp-json\/wp\/v2\/users\/2"}],"replies":[{"embeddable":true,"href":"https:\/\/www.caririemacao.com\/1\/wp-json\/wp\/v2\/comments?post=166134"}],"version-history":[{"count":1,"href":"https:\/\/www.caririemacao.com\/1\/wp-json\/wp\/v2\/posts\/166134\/revisions"}],"predecessor-version":[{"id":166135,"href":"https:\/\/www.caririemacao.com\/1\/wp-json\/wp\/v2\/posts\/166134\/revisions\/166135"}],"wp:featuredmedia":[{"embeddable":true,"href":"https:\/\/www.caririemacao.com\/1\/wp-json\/wp\/v2\/media\/165510"}],"wp:attachment":[{"href":"https:\/\/www.caririemacao.com\/1\/wp-json\/wp\/v2\/media?parent=166134"}],"wp:term":[{"taxonomy":"category","embeddable":true,"href":"https:\/\/www.caririemacao.com\/1\/wp-json\/wp\/v2\/categories?post=166134"},{"taxonomy":"post_tag","embeddable":true,"href":"https:\/\/www.caririemacao.com\/1\/wp-json\/wp\/v2\/tags?post=166134"}],"curies":[{"name":"wp","href":"https:\/\/api.w.org\/{rel}","templated":true}]}}