{"id":166138,"date":"2020-04-27T17:13:12","date_gmt":"2020-04-27T20:13:12","guid":{"rendered":"https:\/\/www.caririemacao.com\/1\/?p=166138"},"modified":"2020-04-27T17:13:12","modified_gmt":"2020-04-27T20:13:12","slug":"policia-militar-cumpre-mandado-de-prisao-em-monteiro","status":"publish","type":"post","link":"https:\/\/www.caririemacao.com\/1\/2020\/04\/27\/policia-militar-cumpre-mandado-de-prisao-em-monteiro\/","title":{"rendered":"Pol\u00edcia Militar cumpre mandado de pris\u00e3o em Monteiro"},"content":{"rendered":"\n<p>A Pol\u00edcia Militar intensificou a seguran\u00e7a em v\u00e1rias cidades do cariri, na tarde desta segunda-feira (27), com as opera\u00e7\u00f5es \u201cP\u00f4r do sol\u201d e \u201cBarreira sanit\u00e1ria\u201d. Entre os resultados, est\u00e1 a pris\u00e3o de um procurado pela justi\u00e7a em paraibana, no munic\u00edpio de Monteiro.<\/p>\n\n\n\n<p>O acusado com 25 anos de idade, cumpre pena imposta pela justi\u00e7a, e por ter desrespeitado as regras de monitora\u00e7\u00e3o eletr\u00f4nica, foi expedido um mandando de pris\u00e3o. Os policiais do 11\u00ba Batalh\u00e3o se dirigiram at\u00e9 a sua resid\u00eancia que est\u00e1 situada na Rua do Meio, no Alto de S\u00e3o Vicente, o mesmo foi localizado mas tentou empreender fuga e resistir a pris\u00e3o, sendo capturado e contido pelos policiais, logo em seguida foi encaminhado para a Delegacia de Pol\u00edcia Civil de Monteiro.<\/p>\n\n\n\n<p><\/p>\n","protected":false},"excerpt":{"rendered":"<p>A Pol\u00edcia Militar intensificou a seguran\u00e7a em v\u00e1rias cidades do cariri, na tarde desta segunda-feira (27), com as opera\u00e7\u00f5es \u201cP\u00f4r do sol\u201d e \u201cBarreira sanit\u00e1ria\u201d.&hellip; <\/p>\n","protected":false},"author":1,"featured_media":166139,"comment_status":"closed","ping_status":"closed","sticky":false,"template":"","format":"standard","meta":{"sfsi_plus_gutenberg_text_before_share":"","sfsi_plus_gutenberg_show_text_before_share":"","sfsi_plus_gutenberg_icon_type":"","sfsi_plus_gutenberg_icon_alignemt":"","sfsi_plus_gutenburg_max_per_row":"","footnotes":""},"categories":[50,12],"tags":[],"class_list":["post-166138","post","type-post","status-publish","format-standard","has-post-thumbnail","hentry","category-destaque","category-policia"],"_links":{"self":[{"href":"https:\/\/www.caririemacao.com\/1\/wp-json\/wp\/v2\/posts\/166138","targetHints":{"allow":["GET"]}}],"collection":[{"href":"https:\/\/www.caririemacao.com\/1\/wp-json\/wp\/v2\/posts"}],"about":[{"href":"https:\/\/www.caririemacao.com\/1\/wp-json\/wp\/v2\/types\/post"}],"author":[{"embeddable":true,"href":"https:\/\/www.caririemacao.com\/1\/wp-json\/wp\/v2\/users\/1"}],"replies":[{"embeddable":true,"href":"https:\/\/www.caririemacao.com\/1\/wp-json\/wp\/v2\/comments?post=166138"}],"version-history":[{"count":1,"href":"https:\/\/www.caririemacao.com\/1\/wp-json\/wp\/v2\/posts\/166138\/revisions"}],"predecessor-version":[{"id":166140,"href":"https:\/\/www.caririemacao.com\/1\/wp-json\/wp\/v2\/posts\/166138\/revisions\/166140"}],"wp:featuredmedia":[{"embeddable":true,"href":"https:\/\/www.caririemacao.com\/1\/wp-json\/wp\/v2\/media\/166139"}],"wp:attachment":[{"href":"https:\/\/www.caririemacao.com\/1\/wp-json\/wp\/v2\/media?parent=166138"}],"wp:term":[{"taxonomy":"category","embeddable":true,"href":"https:\/\/www.caririemacao.com\/1\/wp-json\/wp\/v2\/categories?post=166138"},{"taxonomy":"post_tag","embeddable":true,"href":"https:\/\/www.caririemacao.com\/1\/wp-json\/wp\/v2\/tags?post=166138"}],"curies":[{"name":"wp","href":"https:\/\/api.w.org\/{rel}","templated":true}]}}