{"id":166145,"date":"2020-04-27T18:26:51","date_gmt":"2020-04-27T21:26:51","guid":{"rendered":"https:\/\/www.caririemacao.com\/1\/?p=166145"},"modified":"2020-04-27T20:20:45","modified_gmt":"2020-04-27T23:20:45","slug":"acidente-entre-deixa-zabele-e-sao-sebastiao-do-umbuzeiro-deixa-vitima-fatal","status":"publish","type":"post","link":"https:\/\/www.caririemacao.com\/1\/2020\/04\/27\/acidente-entre-deixa-zabele-e-sao-sebastiao-do-umbuzeiro-deixa-vitima-fatal\/","title":{"rendered":"Acidente entre Zabel\u00ea e S\u00e3o Sebasti\u00e3o do Umbuzeiro deixa v\u00edtima fatal"},"content":{"rendered":"\n<p>Um acidente de moto na rodovia entre os munic\u00edpios de Zabel\u00ea e S\u00e3o Sebasti\u00e3o do Umbuzeiro deixou uma v\u00edtima fatal na tarde desta segunda-feira, dia 27.<\/p>\n\n\n\n<p>A v\u00edtima \u00e9 Z\u00e9 de Agripino, residente na cidade de Zabel\u00ea. <\/p>\n\n\n\n<figure class=\"wp-block-image size-large\"><img fetchpriority=\"high\" decoding=\"async\" width=\"576\" height=\"1024\" src=\"https:\/\/www.caririemacao.com\/1\/wp-content\/uploads\/2020\/04\/IMG-20200427-WA0234-576x1024.jpg\" alt=\"\" class=\"wp-image-166149\" srcset=\"https:\/\/www.caririemacao.com\/1\/wp-content\/uploads\/2020\/04\/IMG-20200427-WA0234-576x1024.jpg 576w, https:\/\/www.caririemacao.com\/1\/wp-content\/uploads\/2020\/04\/IMG-20200427-WA0234-169x300.jpg 169w, https:\/\/www.caririemacao.com\/1\/wp-content\/uploads\/2020\/04\/IMG-20200427-WA0234.jpg 720w\" sizes=\"(max-width: 576px) 100vw, 576px\" \/><\/figure>\n\n\n\n<p>Ele estava em uma moto e acabou caindo em um buraco causado pelas chuvas na rodovia. <\/p>\n\n\n\n<p>Maiores informa\u00e7\u00f5es a qualquer momento.<\/p>\n","protected":false},"excerpt":{"rendered":"<p>Um acidente de moto na rodovia entre os munic\u00edpios de Zabel\u00ea e S\u00e3o Sebasti\u00e3o do Umbuzeiro deixou uma v\u00edtima fatal na tarde desta segunda-feira, dia&hellip; <\/p>\n","protected":false},"author":2,"featured_media":166148,"comment_status":"closed","ping_status":"closed","sticky":false,"template":"","format":"standard","meta":{"sfsi_plus_gutenberg_text_before_share":"","sfsi_plus_gutenberg_show_text_before_share":"","sfsi_plus_gutenberg_icon_type":"","sfsi_plus_gutenberg_icon_alignemt":"","sfsi_plus_gutenburg_max_per_row":"","footnotes":""},"categories":[50,12],"tags":[],"class_list":["post-166145","post","type-post","status-publish","format-standard","has-post-thumbnail","hentry","category-destaque","category-policia"],"_links":{"self":[{"href":"https:\/\/www.caririemacao.com\/1\/wp-json\/wp\/v2\/posts\/166145","targetHints":{"allow":["GET"]}}],"collection":[{"href":"https:\/\/www.caririemacao.com\/1\/wp-json\/wp\/v2\/posts"}],"about":[{"href":"https:\/\/www.caririemacao.com\/1\/wp-json\/wp\/v2\/types\/post"}],"author":[{"embeddable":true,"href":"https:\/\/www.caririemacao.com\/1\/wp-json\/wp\/v2\/users\/2"}],"replies":[{"embeddable":true,"href":"https:\/\/www.caririemacao.com\/1\/wp-json\/wp\/v2\/comments?post=166145"}],"version-history":[{"count":2,"href":"https:\/\/www.caririemacao.com\/1\/wp-json\/wp\/v2\/posts\/166145\/revisions"}],"predecessor-version":[{"id":166154,"href":"https:\/\/www.caririemacao.com\/1\/wp-json\/wp\/v2\/posts\/166145\/revisions\/166154"}],"wp:featuredmedia":[{"embeddable":true,"href":"https:\/\/www.caririemacao.com\/1\/wp-json\/wp\/v2\/media\/166148"}],"wp:attachment":[{"href":"https:\/\/www.caririemacao.com\/1\/wp-json\/wp\/v2\/media?parent=166145"}],"wp:term":[{"taxonomy":"category","embeddable":true,"href":"https:\/\/www.caririemacao.com\/1\/wp-json\/wp\/v2\/categories?post=166145"},{"taxonomy":"post_tag","embeddable":true,"href":"https:\/\/www.caririemacao.com\/1\/wp-json\/wp\/v2\/tags?post=166145"}],"curies":[{"name":"wp","href":"https:\/\/api.w.org\/{rel}","templated":true}]}}