{"id":166169,"date":"2020-04-28T06:18:57","date_gmt":"2020-04-28T09:18:57","guid":{"rendered":"https:\/\/www.caririemacao.com\/1\/?p=166169"},"modified":"2020-04-28T06:18:57","modified_gmt":"2020-04-28T09:18:57","slug":"em-sume-mascaras-produzidas-pela-ufcg-chegam-a-profissionais-de-saude","status":"publish","type":"post","link":"https:\/\/www.caririemacao.com\/1\/2020\/04\/28\/em-sume-mascaras-produzidas-pela-ufcg-chegam-a-profissionais-de-saude\/","title":{"rendered":"Em Sum\u00e9: m\u00e1scaras produzidas pela UFCG chegam a profissionais de sa\u00fade"},"content":{"rendered":"\n<p>Cerca de 300 m\u00e1scaras do tipo \u2018Face Shields\u2019 foram produzidas por professores e alunos, de forma volunt\u00e1ria, pela Universidade Federal de Campina Grande (UFCG), no Campus de Sum\u00e9, e essas m\u00e1scaras foram distribu\u00eddas para profissionais de sa\u00fade de oito munic\u00edpios paraibanos para ajudar na preven\u00e7\u00e3o ao\u00a0novo coronav\u00edrus.<\/p>\n\n\n\n<p>Recentemente, uma a\u00e7\u00e3o trouxe incentivo para o projeto, coordenado pelos professores doutores da UFCG, Daniel Moura e R\u00f4mulo Augusto. Duas impressoras 3D foram doadas pela Prefeitura Municipal de Sum\u00e9 (PMS). As m\u00e1scaras j\u00e1 come\u00e7aram a ser entregues a profissionais que atuam no hospital da cidade e em unidades de sa\u00fade do munic\u00edpio. O projeto \u00e9 apoiado pelo Minist\u00e9rio P\u00fablico do Trabalho na Para\u00edba (MPT-PB) e ainda precisa de doa\u00e7\u00e3o de mat\u00e9ria-prima (poli\u00e1cido l\u00e1tico, acetato, polietileno) para continuar ajudando outros profissionais.<\/p>\n\n\n\n<p>Os professores tamb\u00e9m j\u00e1 entregaram m\u00e1scaras para o Hospital Dom Pedro I, em Campina Grande, refer\u00eancia para o tratamento da Covid-19 na regi\u00e3o. Al\u00e9m de Sum\u00e9 e Campina Grande, as m\u00e1scaras j\u00e1 chegaram aos munic\u00edpios de Serra Branca, Amparo, Monteiro, Areia, Mogeiro e Jo\u00e3o Pessoa. A equipe conta com os dois professores e mais tr\u00eas alunos que trabalham no projeto.<\/p>\n\n\n\n<p>O professor Daniel Moura disse que a iniciativa \u2018\u00e9 um dever para com a sociedade\u2019. \u201cA gente usa o conhecimento t\u00e9cnico-cient\u00edfico para distribuir com a sociedade o que a gente pode entregar pra ela\u201d, ressaltou Daniel, acrescentando que a equipe aguarda a chegada de material para seguir produzindo as m\u00e1scaras e a meta \u00e9 chegar a 500 unidades.<\/p>\n\n\n\n<h2 class=\"wp-block-heading\">Prote\u00e7\u00e3o ampliada<\/h2>\n\n\n\n<p>Al\u00e9m de oferecer maior prote\u00e7\u00e3o pois cobre todo o rosto, a m\u00e1scara \u2018Face Shield\u2019 tamb\u00e9m chamada de \u201cescudo de face\u201d \u00e9 ecologicamente correta, desenvolvida com material biodegrad\u00e1vel. Pode ser lavada e reutilizada diversas vezes. As m\u00e1scaras t\u00eam chegado a m\u00e9dicos, enfermeiros, t\u00e9cnicos de enfermagem, fisioterapeutas, dentistas, entre outros profissionais. As m\u00e1scaras s\u00e3o feitas em impressoras 3D.<\/p>\n\n\n\n<h2 class=\"wp-block-heading\">Doa\u00e7\u00f5es<\/h2>\n\n\n\n<p>Quem quiser ajudar o projeto pode entrar em contato com o professor Daniel Moura, da UFCG em Sum\u00e9 (email:&nbsp;<strong>danielmoura@ufcg.edu.br<\/strong>| Instagram:&nbsp;<strong><a href=\"https:\/\/www.instagram.com\/danielmouura\/\" target=\"_blank\" rel=\"noreferrer noopener\">@danielmouura<\/a><\/strong>) ou com o MPT-PB (Telefone:&nbsp;<strong>(83) 3612-3100<\/strong>&nbsp;| Instagram:&nbsp;<strong><a href=\"https:\/\/www.instagram.com\/mptparaiba\/\" target=\"_blank\" rel=\"noreferrer noopener\">@mptparaiba<\/a><\/strong>&nbsp;| Facebook:&nbsp;<strong><a href=\"https:\/\/m.facebook.com\/mptpb\/\" target=\"_blank\" rel=\"noreferrer noopener\">@mptpb<\/a><\/strong>).<\/p>\n\n\n\n<p>Portal Correio<\/p>\n","protected":false},"excerpt":{"rendered":"<p>Cerca de 300 m\u00e1scaras do tipo \u2018Face Shields\u2019 foram produzidas por professores e alunos, de forma volunt\u00e1ria, pela Universidade Federal de Campina Grande (UFCG), no&hellip; <\/p>\n","protected":false},"author":2,"featured_media":166170,"comment_status":"closed","ping_status":"closed","sticky":false,"template":"","format":"standard","meta":{"sfsi_plus_gutenberg_text_before_share":"","sfsi_plus_gutenberg_show_text_before_share":"","sfsi_plus_gutenberg_icon_type":"","sfsi_plus_gutenberg_icon_alignemt":"","sfsi_plus_gutenburg_max_per_row":"","footnotes":""},"categories":[6,50],"tags":[],"class_list":["post-166169","post","type-post","status-publish","format-standard","has-post-thumbnail","hentry","category-cidades","category-destaque"],"_links":{"self":[{"href":"https:\/\/www.caririemacao.com\/1\/wp-json\/wp\/v2\/posts\/166169","targetHints":{"allow":["GET"]}}],"collection":[{"href":"https:\/\/www.caririemacao.com\/1\/wp-json\/wp\/v2\/posts"}],"about":[{"href":"https:\/\/www.caririemacao.com\/1\/wp-json\/wp\/v2\/types\/post"}],"author":[{"embeddable":true,"href":"https:\/\/www.caririemacao.com\/1\/wp-json\/wp\/v2\/users\/2"}],"replies":[{"embeddable":true,"href":"https:\/\/www.caririemacao.com\/1\/wp-json\/wp\/v2\/comments?post=166169"}],"version-history":[{"count":1,"href":"https:\/\/www.caririemacao.com\/1\/wp-json\/wp\/v2\/posts\/166169\/revisions"}],"predecessor-version":[{"id":166171,"href":"https:\/\/www.caririemacao.com\/1\/wp-json\/wp\/v2\/posts\/166169\/revisions\/166171"}],"wp:featuredmedia":[{"embeddable":true,"href":"https:\/\/www.caririemacao.com\/1\/wp-json\/wp\/v2\/media\/166170"}],"wp:attachment":[{"href":"https:\/\/www.caririemacao.com\/1\/wp-json\/wp\/v2\/media?parent=166169"}],"wp:term":[{"taxonomy":"category","embeddable":true,"href":"https:\/\/www.caririemacao.com\/1\/wp-json\/wp\/v2\/categories?post=166169"},{"taxonomy":"post_tag","embeddable":true,"href":"https:\/\/www.caririemacao.com\/1\/wp-json\/wp\/v2\/tags?post=166169"}],"curies":[{"name":"wp","href":"https:\/\/api.w.org\/{rel}","templated":true}]}}