{"id":166178,"date":"2020-04-28T06:26:16","date_gmt":"2020-04-28T09:26:16","guid":{"rendered":"https:\/\/www.caririemacao.com\/1\/?p=166178"},"modified":"2020-04-28T06:26:16","modified_gmt":"2020-04-28T09:26:16","slug":"video-der-inicia-recuperacao-da-cabeceira-da-ponte-entre-os-municipios-de-sao-domingos-do-cariri-e-caraubas","status":"publish","type":"post","link":"https:\/\/www.caririemacao.com\/1\/2020\/04\/28\/video-der-inicia-recuperacao-da-cabeceira-da-ponte-entre-os-municipios-de-sao-domingos-do-cariri-e-caraubas\/","title":{"rendered":"V\u00eddeo: DER inicia recupera\u00e7\u00e3o da cabeceira da ponte entre os munic\u00edpios de S\u00e3o Domingos do Cariri e Cara\u00fabas"},"content":{"rendered":"\n<p>O Departamento de Estradas e Rodagens da Para\u00edba \u2013 DER, iniciou nesta segunda-feira (27) a recupera\u00e7\u00e3o da cabeceira da ponte sobre o riacho do Curralinho, na divisa dos munic\u00edpios de S\u00e3o Domingos do Cariri e Cara\u00fabas.<\/p>\n\n\n\n<p>As \u00e1guas danificaram a estrutura da rodovia no dia 22 de mar\u00e7o de 2020, com a chegada das chuvas na regi\u00e3o.<\/p>\n\n\n\n<p>O servi\u00e7o de recupera\u00e7\u00e3o dever\u00e1 durar 60 dias.<\/p>\n\n\n\n<p><strong>Veja o v\u00eddeo:<\/strong><\/p>\n\n\n\n<figure><iframe data-src=\"https:\/\/www.youtube.com\/embed\/A-0BTZBQHBE?version=3&amp;rel=1&amp;fs=1&amp;autohide=2&amp;showsearch=0&amp;showinfo=1&amp;iv_load_policy=1&amp;wmode=transparent\" allowfullscreen=\"true\" src=\"data:image\/svg+xml;base64,PHN2ZyB3aWR0aD0iMSIgaGVpZ2h0PSIxIiB4bWxucz0iaHR0cDovL3d3dy53My5vcmcvMjAwMC9zdmciPjwvc3ZnPg==\" class=\"lazyload\" data-load-mode=\"1\"><\/iframe><\/figure>\n\n\n\n<p><strong>Blog do Bruno Lira<\/strong><\/p>\n","protected":false},"excerpt":{"rendered":"<p>O Departamento de Estradas e Rodagens da Para\u00edba \u2013 DER, iniciou nesta segunda-feira (27) a recupera\u00e7\u00e3o da cabeceira da ponte sobre o riacho do Curralinho,&hellip; <\/p>\n","protected":false},"author":2,"featured_media":166179,"comment_status":"closed","ping_status":"closed","sticky":false,"template":"","format":"standard","meta":{"sfsi_plus_gutenberg_text_before_share":"","sfsi_plus_gutenberg_show_text_before_share":"","sfsi_plus_gutenberg_icon_type":"","sfsi_plus_gutenberg_icon_alignemt":"","sfsi_plus_gutenburg_max_per_row":"","footnotes":""},"categories":[6],"tags":[],"class_list":["post-166178","post","type-post","status-publish","format-standard","has-post-thumbnail","hentry","category-cidades"],"_links":{"self":[{"href":"https:\/\/www.caririemacao.com\/1\/wp-json\/wp\/v2\/posts\/166178","targetHints":{"allow":["GET"]}}],"collection":[{"href":"https:\/\/www.caririemacao.com\/1\/wp-json\/wp\/v2\/posts"}],"about":[{"href":"https:\/\/www.caririemacao.com\/1\/wp-json\/wp\/v2\/types\/post"}],"author":[{"embeddable":true,"href":"https:\/\/www.caririemacao.com\/1\/wp-json\/wp\/v2\/users\/2"}],"replies":[{"embeddable":true,"href":"https:\/\/www.caririemacao.com\/1\/wp-json\/wp\/v2\/comments?post=166178"}],"version-history":[{"count":1,"href":"https:\/\/www.caririemacao.com\/1\/wp-json\/wp\/v2\/posts\/166178\/revisions"}],"predecessor-version":[{"id":166180,"href":"https:\/\/www.caririemacao.com\/1\/wp-json\/wp\/v2\/posts\/166178\/revisions\/166180"}],"wp:featuredmedia":[{"embeddable":true,"href":"https:\/\/www.caririemacao.com\/1\/wp-json\/wp\/v2\/media\/166179"}],"wp:attachment":[{"href":"https:\/\/www.caririemacao.com\/1\/wp-json\/wp\/v2\/media?parent=166178"}],"wp:term":[{"taxonomy":"category","embeddable":true,"href":"https:\/\/www.caririemacao.com\/1\/wp-json\/wp\/v2\/categories?post=166178"},{"taxonomy":"post_tag","embeddable":true,"href":"https:\/\/www.caririemacao.com\/1\/wp-json\/wp\/v2\/tags?post=166178"}],"curies":[{"name":"wp","href":"https:\/\/api.w.org\/{rel}","templated":true}]}}