{"id":166182,"date":"2020-04-28T06:29:04","date_gmt":"2020-04-28T09:29:04","guid":{"rendered":"https:\/\/www.caririemacao.com\/1\/?p=166182"},"modified":"2020-04-28T06:29:04","modified_gmt":"2020-04-28T09:29:04","slug":"fumantes-podem-ter-covid-19-com-mais-gravidade-alertam-medicos","status":"publish","type":"post","link":"https:\/\/www.caririemacao.com\/1\/2020\/04\/28\/fumantes-podem-ter-covid-19-com-mais-gravidade-alertam-medicos\/","title":{"rendered":"Fumantes podem ter covid-19 com mais gravidade, alertam m\u00e9dicos"},"content":{"rendered":"\n<p>A Sociedade Portuguesa de Pneumologia (SPP) alertou esta segunda-feira (27) que \u201cos fumantes&nbsp;podem sofrer condi\u00e7\u00f5es mais graves\u201d da doen\u00e7a covid-19 e recomenda aos fumantes&nbsp;\u201ca cessa\u00e7\u00e3o tab\u00e1gica imediata\u201d.<\/p>\n\n\n\n<p>A posi\u00e7\u00e3o da SPP, divulgada em comunicado, surge depois de not\u00edcias recentes que apontam para um eventual efeito protector da nicotina contra o novo coronav\u00edrus, que provoca a doen\u00e7a covid-19. A SPP n\u00e3o s\u00f3 nega que haja essa rela\u00e7\u00e3o como se manifesta preocupada com o impacto da covid-19 sobre os dois milh\u00f5es de portugueses consumidores de tabaco.<\/p>\n\n\n\n<p>Na semana passada, investigadores em Fran\u00e7a anunciaram que estavam a investigar a hip\u00f3tese da&nbsp;nicotina pode ter um efeito protector contra a covid-19, uma hip\u00f3tese apoiada pelo baixo n\u00famero de fumantes entre os doentes hospitalizados. Um dos investigadores \u00e9 Jean-Pierre Changeaux, do Instituto Pasteur de Paris.<\/p>\n\n\n\n<p>No mesmo documento, diz-se que Jean-Pierre Changeaux teve no passado liga\u00e7\u00e3o \u00e0 ind\u00fastria tabaqueira e que o estudo que leva \u00e0 defesa da nicotina como agente protector da covid-19 teve limita\u00e7\u00f5es que comprometem as conclus\u00f5es retiradas. Al\u00e9m de que n\u00e3o se pode esquecer que \u201cser fumante e efeito protector de nicotina s\u00e3o conceitos diferentes\u201d.<\/p>\n\n\n\n<p>Ouvido na altura pela Lusa o pneumologista Filipe Froes salientou que at\u00e9 hoje \u201cnenhum estudo demonstrou a efic\u00e1cia do tabaco em qualquer infec\u00e7\u00e3o respirat\u00f3ria\u201d, e alertou que nesta fase de tentativa de conhecimento sobre a covid-19 \u201ch\u00e1 estudos que n\u00e3o seguem metodologias correctas e que tiram conclus\u00f5es precipitadas\u201d.<\/p>\n\n\n\n<p>Agora, no comunicado, a SPP alerta que o tabagismo est\u00e1 associado a v\u00e1rias patologias cr\u00f3nicas, como doen\u00e7as respirat\u00f3rias, cardiovasculares, diabetes e cancro, e que doentes com estes problemas t\u00eam maior risco de doen\u00e7a grave por covid-19, segundo a Organiza\u00e7\u00e3o Mundial da Sa\u00fade (OMS) e a Direc\u00e7\u00e3o-Geral da Sa\u00fade (DGS). \u201cAl\u00e9m disso, o tabagismo tem um efeito nocivo para o sistema imunit\u00e1rio, tornando os fumadores mais vulner\u00e1veis \u00e0s infec\u00e7\u00f5es, incluindo possivelmente o novo coronav\u00edrus\u201d, alerta-se no comunicado.<\/p>\n\n\n\n<p>A SPP fala ainda de outra \u201cquest\u00e3o preocupante\u201d, que \u00e9 o contacto m\u00e3o-boca realizado repetidamente pelo fumador, que \u00e9 uma forma de infec\u00e7\u00e3o, como tamb\u00e9m \u00e9 forma de infec\u00e7\u00e3o a partilha de tabaco e seus produtos.<\/p>\n\n\n\n<p>\u201cApesar dos estudos serem escassos at\u00e9 \u00e0 data, j\u00e1 h\u00e1 evid\u00eancia (prova) cient\u00edfica que mostra que os fumantes&nbsp;t\u00eam maior risco de progress\u00e3o para doen\u00e7a grave, maior risco de internamento em unidade de cuidados intensivos com necessidade de ventila\u00e7\u00e3o mec\u00e2nica e maior risco de morte, em compara\u00e7\u00e3o com os n\u00e3o fumadores\u201d, frisa a SPP no comunicado.<\/p>\n\n\n\n<p>No comunicado, a SPP diz que refor\u00e7a a posi\u00e7\u00e3o defendida pelo pneumologista Filipe Froes \u00e0 Lusa e conclui que a recomenda\u00e7\u00e3o que deixa \u00e9 \u201ca cessa\u00e7\u00e3o tab\u00e1gica imediata, sendo que esta recomenda\u00e7\u00e3o abrange igualmente os utilizadores de cigarro electr\u00f3nico e tabaco aquecido\u201d.<\/p>\n\n\n\n<p>A pandemia de covid-19 j\u00e1 provocou mais de 206 mil mortes no mundo e infectou quase tr\u00eas milh\u00f5es. Em Portugal, morreram 928 pessoas das 24.027 confirmadas como infectadas, segundo o boletim desta segunda-feira da DGS.<\/p>\n","protected":false},"excerpt":{"rendered":"<p>A Sociedade Portuguesa de Pneumologia (SPP) alertou esta segunda-feira (27) que \u201cos fumantes&nbsp;podem sofrer condi\u00e7\u00f5es mais graves\u201d da doen\u00e7a covid-19 e recomenda aos fumantes&nbsp;\u201ca cessa\u00e7\u00e3o&hellip; <\/p>\n","protected":false},"author":2,"featured_media":91138,"comment_status":"closed","ping_status":"closed","sticky":false,"template":"","format":"standard","meta":{"sfsi_plus_gutenberg_text_before_share":"","sfsi_plus_gutenberg_show_text_before_share":"","sfsi_plus_gutenberg_icon_type":"","sfsi_plus_gutenberg_icon_alignemt":"","sfsi_plus_gutenburg_max_per_row":"","footnotes":""},"categories":[50,16],"tags":[],"class_list":["post-166182","post","type-post","status-publish","format-standard","has-post-thumbnail","hentry","category-destaque","category-saude"],"_links":{"self":[{"href":"https:\/\/www.caririemacao.com\/1\/wp-json\/wp\/v2\/posts\/166182","targetHints":{"allow":["GET"]}}],"collection":[{"href":"https:\/\/www.caririemacao.com\/1\/wp-json\/wp\/v2\/posts"}],"about":[{"href":"https:\/\/www.caririemacao.com\/1\/wp-json\/wp\/v2\/types\/post"}],"author":[{"embeddable":true,"href":"https:\/\/www.caririemacao.com\/1\/wp-json\/wp\/v2\/users\/2"}],"replies":[{"embeddable":true,"href":"https:\/\/www.caririemacao.com\/1\/wp-json\/wp\/v2\/comments?post=166182"}],"version-history":[{"count":1,"href":"https:\/\/www.caririemacao.com\/1\/wp-json\/wp\/v2\/posts\/166182\/revisions"}],"predecessor-version":[{"id":166183,"href":"https:\/\/www.caririemacao.com\/1\/wp-json\/wp\/v2\/posts\/166182\/revisions\/166183"}],"wp:featuredmedia":[{"embeddable":true,"href":"https:\/\/www.caririemacao.com\/1\/wp-json\/wp\/v2\/media\/91138"}],"wp:attachment":[{"href":"https:\/\/www.caririemacao.com\/1\/wp-json\/wp\/v2\/media?parent=166182"}],"wp:term":[{"taxonomy":"category","embeddable":true,"href":"https:\/\/www.caririemacao.com\/1\/wp-json\/wp\/v2\/categories?post=166182"},{"taxonomy":"post_tag","embeddable":true,"href":"https:\/\/www.caririemacao.com\/1\/wp-json\/wp\/v2\/tags?post=166182"}],"curies":[{"name":"wp","href":"https:\/\/api.w.org\/{rel}","templated":true}]}}