{"id":166194,"date":"2020-04-28T06:47:43","date_gmt":"2020-04-28T09:47:43","guid":{"rendered":"https:\/\/www.caririemacao.com\/1\/?p=166194"},"modified":"2020-04-28T06:47:43","modified_gmt":"2020-04-28T09:47:43","slug":"coronavirus-mortes-demoram-ate-1-mes-para-confirmacao","status":"publish","type":"post","link":"https:\/\/www.caririemacao.com\/1\/2020\/04\/28\/coronavirus-mortes-demoram-ate-1-mes-para-confirmacao\/","title":{"rendered":"Coronav\u00edrus: mortes demoram at\u00e9 1 m\u00eas para confirma\u00e7\u00e3o"},"content":{"rendered":"\n<p>Dados divulgados pelo Minist\u00e9rio da Sa\u00fade nesta segunda-feira (27) apontam que h\u00e1 casos de mortes pelo novo coronav\u00edrus que demoram at\u00e9 um m\u00eas para terem a investiga\u00e7\u00e3o conclu\u00edda e entrarem nos registros.<\/p>\n\n\n\n<p>Segundo a pasta, entre as mortes confirmadas nas \u00faltimas 24h, h\u00e1 v\u00e1rios casos recentes, cuja data do \u00f3bito ocorreu nos \u00faltimos tr\u00eas dias, por exemplo. Ao mesmo tempo, h\u00e1 casos mais antigos, como de 23 de mar\u00e7o, h\u00e1 mais de um m\u00eas.<\/p>\n\n\n\n<p>Os n\u00fameros completos com a distribui\u00e7\u00e3o por data n\u00e3o foram informados. Gr\u00e1ficos divulgados pelo minist\u00e9rio mostram que, embora parcela expressiva das confirma\u00e7\u00f5es seja da \u00faltima semana, h\u00e1 registros que levam v\u00e1rios dias para serem inseridos nas estat\u00edsticas.<\/p>\n\n\n\n<p>Nesta segunda, foram confirmadas 338 mortes -com isso, o total de \u00f3bitos registrado no pa\u00eds chegou a 4.543.<\/p>\n\n\n\n<p>\u201cUma quest\u00e3o que sempre vem a tona e que estamos tentando mostrar, por orienta\u00e7\u00e3o do ministro, \u00e9 esses \u00f3bitos est\u00e3o sendo encerrados. S\u00e3o \u00f3bitos que ocorreram em momentos distintos e que conclu\u00edram as investiga\u00e7\u00f5es. N\u00e3o quer dizer que todos os 338 \u00f3bitos ocorreram no mesmo momento de ontem para hoje\u201d, disse o secret\u00e1rio de vigil\u00e2ncia em sa\u00fade, Wanderson Oliveira, ao apresentar os dados.<\/p>\n\n\n\n<p>Segundo ele, os dados atuais mostram que 86% das mortes j\u00e1 tiveram a investiga\u00e7\u00e3o conclu\u00edda. Dados informados pela pasta apontam 1.136 \u00f3bitos ainda em investiga\u00e7\u00e3o.<\/p>\n\n\n\n<p>O atraso na confirma\u00e7\u00e3o de mortes e a possibilidade de subnotifica\u00e7\u00e3o t\u00eam sido alvo de cr\u00edticas.<\/p>\n\n\n\n<p>Boletim epidemiol\u00f3gico divulgado nesta segunda pela pasta, por\u00e9m, afirma que o sistema usado para registro de mortes hoje \u00e9 \u201crobusto\u201d e h\u00e1 \u201cbaixa subnotifica\u00e7\u00e3o\u201d.<\/p>\n\n\n\n<p>Por outro lado, diz que estados e munic\u00edpios \u201cest\u00e3o sendo orientados a priorizar a inser\u00e7\u00e3o de \u00f3bitos com suspeita ou confirma\u00e7\u00e3o de Covid-19 no sistema, de modo a agilizar o processo de investiga\u00e7\u00e3o desses \u00f3bitos.\u201d<\/p>\n\n\n\n<p>Segundo o minist\u00e9rio, an\u00e1lise do total de mortes registradas em sistema da pasta em rela\u00e7\u00e3o ao total em cart\u00f3rios aponta uma diferen\u00e7a de 257 mortes a mais nestes locais.<\/p>\n\n\n\n<p>A pasta diz, por\u00e9m, que h\u00e1 uma varia\u00e7\u00e3o entre estados \u2013do total de estados, 19 t\u00eam mais registros no sistema do minist\u00e9rio do que nos cart\u00f3rios. Por outro lado, no Rio de Janeiro e S\u00e3o Paulo, h\u00e1 mais \u00f3bitos registrados pelos cart\u00f3rios do que nos sistemas do minist\u00e9rio.<\/p>\n\n\n\n<p>Para Oliveira, os n\u00fameros mostram que os sistemas do minist\u00e9rio e cart\u00f3rios atualmente est\u00e3o \u201cmuito pr\u00f3ximos\u201d.<\/p>\n\n\n\n<p>Ele afirma, por\u00e9m, que outras medidas v\u00e3o ser implementadas para aumentar a exatid\u00e3o dos n\u00fameros.<\/p>\n\n\n\n<p>\u201cPossivelmente n\u00f3s temos dados que ainda precisam ser alimentados e para isso n\u00f3s estamos, nesta semana, articulando com estados e munic\u00edpios para que fa\u00e7am a transfer\u00eancia dos registros do sistema de informa\u00e7\u00e3o de mortalidade diariamente. Isso acontecia por semana\u201d, afirmou.<\/p>\n","protected":false},"excerpt":{"rendered":"<p>Dados divulgados pelo Minist\u00e9rio da Sa\u00fade nesta segunda-feira (27) apontam que h\u00e1 casos de mortes pelo novo coronav\u00edrus que demoram at\u00e9 um m\u00eas para terem&hellip; <\/p>\n","protected":false},"author":2,"featured_media":166195,"comment_status":"closed","ping_status":"closed","sticky":false,"template":"","format":"standard","meta":{"sfsi_plus_gutenberg_text_before_share":"","sfsi_plus_gutenberg_show_text_before_share":"","sfsi_plus_gutenberg_icon_type":"","sfsi_plus_gutenberg_icon_alignemt":"","sfsi_plus_gutenburg_max_per_row":"","footnotes":""},"categories":[16],"tags":[],"class_list":["post-166194","post","type-post","status-publish","format-standard","has-post-thumbnail","hentry","category-saude"],"_links":{"self":[{"href":"https:\/\/www.caririemacao.com\/1\/wp-json\/wp\/v2\/posts\/166194","targetHints":{"allow":["GET"]}}],"collection":[{"href":"https:\/\/www.caririemacao.com\/1\/wp-json\/wp\/v2\/posts"}],"about":[{"href":"https:\/\/www.caririemacao.com\/1\/wp-json\/wp\/v2\/types\/post"}],"author":[{"embeddable":true,"href":"https:\/\/www.caririemacao.com\/1\/wp-json\/wp\/v2\/users\/2"}],"replies":[{"embeddable":true,"href":"https:\/\/www.caririemacao.com\/1\/wp-json\/wp\/v2\/comments?post=166194"}],"version-history":[{"count":1,"href":"https:\/\/www.caririemacao.com\/1\/wp-json\/wp\/v2\/posts\/166194\/revisions"}],"predecessor-version":[{"id":166196,"href":"https:\/\/www.caririemacao.com\/1\/wp-json\/wp\/v2\/posts\/166194\/revisions\/166196"}],"wp:featuredmedia":[{"embeddable":true,"href":"https:\/\/www.caririemacao.com\/1\/wp-json\/wp\/v2\/media\/166195"}],"wp:attachment":[{"href":"https:\/\/www.caririemacao.com\/1\/wp-json\/wp\/v2\/media?parent=166194"}],"wp:term":[{"taxonomy":"category","embeddable":true,"href":"https:\/\/www.caririemacao.com\/1\/wp-json\/wp\/v2\/categories?post=166194"},{"taxonomy":"post_tag","embeddable":true,"href":"https:\/\/www.caririemacao.com\/1\/wp-json\/wp\/v2\/tags?post=166194"}],"curies":[{"name":"wp","href":"https:\/\/api.w.org\/{rel}","templated":true}]}}