{"id":166198,"date":"2020-04-28T06:49:59","date_gmt":"2020-04-28T09:49:59","guid":{"rendered":"https:\/\/www.caririemacao.com\/1\/?p=166198"},"modified":"2020-04-28T06:49:59","modified_gmt":"2020-04-28T09:49:59","slug":"covid-19-secretario-da-saude-da-pb-confirma-aumento-de-40-na-ocupacao-de-utis","status":"publish","type":"post","link":"https:\/\/www.caririemacao.com\/1\/2020\/04\/28\/covid-19-secretario-da-saude-da-pb-confirma-aumento-de-40-na-ocupacao-de-utis\/","title":{"rendered":"Covid-19: secret\u00e1rio da Sa\u00fade da PB confirma aumento de 40% na ocupa\u00e7\u00e3o de UTIs"},"content":{"rendered":"\n<p>O secret\u00e1rio de Sa\u00fade do Estado, Geraldo Medeiros alertou para a eleva\u00e7\u00e3o do percentual de ocupa\u00e7\u00e3o dos leitos de Unidade de Terapia Intensiva (UTI) dos hospitais da Para\u00edba com pacientes infectados pelo novo coronav\u00edrus.<\/p>\n\n\n\n<p>O aumento foi de 32% para 40% somente neste in\u00edcio de semana e adverte para o cumprimento do isolamento social, tido como o melhor m\u00e9todo de se combater a contamina\u00e7\u00e3o.<\/p>\n\n\n\n<p>Segundo o secret\u00e1rio o pico de eleva\u00e7\u00e3o da contamina\u00e7\u00e3o pelo coronav\u00edrus dever\u00e1 acontecer no Estado entre esta semana e a pr\u00f3xima, e o aumento de ocupa\u00e7\u00e3o das UTIs j\u00e1 era o esperado.<\/p>\n\n\n\n<p>\u201cFelizmente a Para\u00edba ainda disp\u00f5e de uma margem de seguran\u00e7a importante porque se preparou ao longo dos \u00faltimos meses com leitos de UTIs, com respiradores, mas \u00e9 preocupante a situa\u00e7\u00e3o\u201d, observou.<\/p>\n\n\n\n<p>Por isso, o secret\u00e1rio ressaltou a import\u00e2ncia de nesse momento as pessoas manterem o isolamento domiciliar.<\/p>\n\n\n\n<p>\u201cInfelizmente, uma parcela substancial da popula\u00e7\u00e3o de Jo\u00e3o pessoa, nesse final de semana, estava circulando livremente nos bairros de Tamba\u00fa, Mana\u00edra, Cabo Branco e na orla mar\u00edtima, inclusive com idosos nas cal\u00e7adas. Tudo isso \u00e9 muito tr\u00e1gico. Isso representa que daqui a 15 dias, n\u00f3s teremos maior n\u00famero de casos e maior n\u00famero de mortes\u201d, destacou.<\/p>\n\n\n\n<p>Conforme o \u00faltimo boletim da Secretaria de Sa\u00fade do Estado, na Para\u00edba j\u00e1 s\u00e3o 50 \u00f3bitos confirmados, 119 est\u00e3o recuperadas da doen\u00e7a e h\u00e1 543 casos de pessoas infectadas pela Covid-19.<\/p>\n","protected":false},"excerpt":{"rendered":"<p>O secret\u00e1rio de Sa\u00fade do Estado, Geraldo Medeiros alertou para a eleva\u00e7\u00e3o do percentual de ocupa\u00e7\u00e3o dos leitos de Unidade de Terapia Intensiva (UTI) dos&hellip; <\/p>\n","protected":false},"author":2,"featured_media":163622,"comment_status":"closed","ping_status":"closed","sticky":false,"template":"","format":"standard","meta":{"sfsi_plus_gutenberg_text_before_share":"","sfsi_plus_gutenberg_show_text_before_share":"","sfsi_plus_gutenberg_icon_type":"","sfsi_plus_gutenberg_icon_alignemt":"","sfsi_plus_gutenburg_max_per_row":"","footnotes":""},"categories":[2],"tags":[],"class_list":["post-166198","post","type-post","status-publish","format-standard","has-post-thumbnail","hentry","category-geral"],"_links":{"self":[{"href":"https:\/\/www.caririemacao.com\/1\/wp-json\/wp\/v2\/posts\/166198","targetHints":{"allow":["GET"]}}],"collection":[{"href":"https:\/\/www.caririemacao.com\/1\/wp-json\/wp\/v2\/posts"}],"about":[{"href":"https:\/\/www.caririemacao.com\/1\/wp-json\/wp\/v2\/types\/post"}],"author":[{"embeddable":true,"href":"https:\/\/www.caririemacao.com\/1\/wp-json\/wp\/v2\/users\/2"}],"replies":[{"embeddable":true,"href":"https:\/\/www.caririemacao.com\/1\/wp-json\/wp\/v2\/comments?post=166198"}],"version-history":[{"count":1,"href":"https:\/\/www.caririemacao.com\/1\/wp-json\/wp\/v2\/posts\/166198\/revisions"}],"predecessor-version":[{"id":166199,"href":"https:\/\/www.caririemacao.com\/1\/wp-json\/wp\/v2\/posts\/166198\/revisions\/166199"}],"wp:featuredmedia":[{"embeddable":true,"href":"https:\/\/www.caririemacao.com\/1\/wp-json\/wp\/v2\/media\/163622"}],"wp:attachment":[{"href":"https:\/\/www.caririemacao.com\/1\/wp-json\/wp\/v2\/media?parent=166198"}],"wp:term":[{"taxonomy":"category","embeddable":true,"href":"https:\/\/www.caririemacao.com\/1\/wp-json\/wp\/v2\/categories?post=166198"},{"taxonomy":"post_tag","embeddable":true,"href":"https:\/\/www.caririemacao.com\/1\/wp-json\/wp\/v2\/tags?post=166198"}],"curies":[{"name":"wp","href":"https:\/\/api.w.org\/{rel}","templated":true}]}}