{"id":166207,"date":"2020-04-28T07:11:57","date_gmt":"2020-04-28T10:11:57","guid":{"rendered":"https:\/\/www.caririemacao.com\/1\/?p=166207"},"modified":"2020-04-28T07:11:57","modified_gmt":"2020-04-28T10:11:57","slug":"joao-azevedo-anuncia-aquisicao-de-105-respiradores-para-utis-de-pacientes-com-coronavirus","status":"publish","type":"post","link":"https:\/\/www.caririemacao.com\/1\/2020\/04\/28\/joao-azevedo-anuncia-aquisicao-de-105-respiradores-para-utis-de-pacientes-com-coronavirus\/","title":{"rendered":"Jo\u00e3o Azev\u00eado anuncia aquisi\u00e7\u00e3o de 105 respiradores para UTIs de pacientes com coronav\u00edrus"},"content":{"rendered":"\n<p>O governador Jo\u00e3o Azev\u00eado anunciou, nesta segunda-feira (27), durante o programa semanal \u2018Fala, governador\u2019, transmitido em cadeia estadual pela R\u00e1dio Tabajara, a aquisi\u00e7\u00e3o de 105 respiradores para concluir a instala\u00e7\u00e3o das Unidades de Terapia Intensiva (UTI) destinadas aos pacientes diagnosticados com a Covid-19, conforme prev\u00ea o Plano de Conting\u00eancia Estadual.&nbsp;<\/p>\n\n\n\n<p>De acordo com o chefe do Executivo, 30 respiradores dever\u00e3o chegar at\u00e9 a pr\u00f3xima quinta-feira (30) e os demais 75 respiradores t\u00eam previs\u00e3o de entrega para o dia 15 de maio.<\/p>\n\n\n\n<p>Os respiradores que chegar\u00e3o esta semana ser\u00e3o distribu\u00eddos entre o Hospital Metropolitano Dom Jos\u00e9 Maria Pires (12); Hospital de Trauma de Campina Grande (8); Hospital Regional de Patos (6) e Hospital Regional de Cajazeiras (4).&nbsp;<\/p>\n\n\n\n<p>A aquisi\u00e7\u00e3o dos respiradores representa um investimento de R$ 19,9 milh\u00f5es, sendo R$ 14 milh\u00f5es de recursos pr\u00f3prios do Estado, R$ 4,9 milh\u00f5es oriundos de emendas parlamentares e R$ 1 milh\u00e3o doado pelo Minist\u00e9rio P\u00fablico do Trabalho (MPT).<br>&nbsp;<br>\u201cCom isso, o Estado ter\u00e1 fechado, dentro da sua programa\u00e7\u00e3o, os leitos de UTIs de responsabilidade da gest\u00e3o. Hoje, n\u00f3s temos uma disponibilidade de 70% dos leitos de UTI e 87% dos leitos de enfermaria porque fizemos um Plano de Conting\u00eancia extremamente arrojado e refor\u00e7amos a necessidade de promovermos o achatamento da curva para que a contamina\u00e7\u00e3o ocorra de forma gradual para que o sistema de sa\u00fade tenha condi\u00e7\u00f5es de continuar atendendo as pessoas. Por isso, \u00e9 fundamental entender a import\u00e2ncia do isolamento e do uso de m\u00e1scara em ambientes p\u00fablicos quando houver a necessidade de sair\u201d, disse.<br>&nbsp;<br>Testes r\u00e1pidos\u2013 O governador Jo\u00e3o Azev\u00eado tamb\u00e9m informou que 80 mil testes r\u00e1pidos dever\u00e3o chegar ao Estado na pr\u00f3xima quarta-feira (29). Das 310 mil unidades adquiridas pela gest\u00e3o estadual -um investimento de R$ 22,3 milh\u00f5es-, 20 mil j\u00e1 foram distribu\u00eddas com os munic\u00edpios para serem aplicadas na popula\u00e7\u00e3o.<\/p>\n\n\n\n<p>\u201cO nosso objetivo com o aumento da testagem \u00e9 para que a gente possa ter um perfil epidemiol\u00f3gico e saber exatamente o que est\u00e1 acontecendo em termos de contamina\u00e7\u00e3o e prolifera\u00e7\u00e3o do v\u00edrus\u201d, explicou.<\/p>\n\n\n\n<p>Os testes r\u00e1pidos foram distribu\u00eddos em servi\u00e7os estaduais e municipais para testagem do p\u00fablico-alvo mantendo o fluxo de registro das informa\u00e7\u00f5es via sistemas oficiais. Em Jo\u00e3o Pessoa, a testagem est\u00e1 sendo realizada em domic\u00edlio. Em Campina Grande, a testagem ser\u00e1 feita nas Unidades de Pronto Atendimento (UPA) de refer\u00eancia. Na 2\u00aa Ger\u00eancia Regional de Sa\u00fade (GRS), a refer\u00eancia para os testes r\u00e1pidos ser\u00e1 a UPA de Guarabira. Na 3\u00aa GRS os testes r\u00e1pidos ser\u00e3o realizados no Hospital Municipal de Esperan\u00e7a, no Centro de Testagem de Esperan\u00e7a e no Hospital Municipal de Areia. Na 4\u00aa GRS a oferta dos testes r\u00e1pidos ser\u00e1 no Centro de Testagem de Cuit\u00e9, Centro Testagem de Picu\u00ed e Hospital Regional de Picu\u00ed.<br>&nbsp;<br>&nbsp;Na 5\u00aa GRS as refer\u00eancias s\u00e3o o Hospital de Sum\u00e9, Hospital de Serra Branca, UPA de Monteiro; 6\u00aa GRS: Hospital Regional de Patos ou UPA de Patos e Hospital Sinh\u00e1 Carneiro, em Santa Luzia; 7\u00aa GRS: Pianc\u00f3, Concei\u00e7\u00e3o, Hospital Regional de Itaporanga; 8\u00aa GRS: Hospital Regional de Catol\u00e9, Hospital Municipal de S\u00e3o Bento, Hospital Municipal de Brejo do Cruz; 9\u00aa GRS: UPA de Cajazeiras, Posto de Testagem Uira\u00fana, Hospital Municipal de S\u00e3o Jos\u00e9 de Piranhas; 10\u00aa GRS: Sousa, nos Centro de Testagem e na UPA; 11\u00aa GRS: Hospital de Princesa Isabel, Hospital Municipal de Princesa Isabel, Hospital Municipal de \u00c1gua Branca e Hospital Municipal de Juru; 12\u00aa GRS: UPA de Ing\u00e1, Hospital Municipal de Pedras de Fogo, Posto de Testagem de Itabaiana; 13\u00aa GRS: Pombal Hospital Regional de Pombal, UPA de Pombal, Hospital Municipal de Paulista; 14\u00aa GRS: Posto de Testagem de Mamanguape, Secretaria Municipal de Sa\u00fade e Hospital Regional;15\u00aa GRS: Hospital Regional de Queimadas, Hospital Municipal de Aroeiras, Hospital Municipal de Boqueir\u00e3o; 16\u00aa GRS: Hospital Geral de Tapero\u00e1 e Hospital Municipal de Soledade.<\/p>\n","protected":false},"excerpt":{"rendered":"<p>O governador Jo\u00e3o Azev\u00eado anunciou, nesta segunda-feira (27), durante o programa semanal \u2018Fala, governador\u2019, transmitido em cadeia estadual pela R\u00e1dio Tabajara, a aquisi\u00e7\u00e3o de 105&hellip; <\/p>\n","protected":false},"author":2,"featured_media":165579,"comment_status":"closed","ping_status":"closed","sticky":false,"template":"","format":"standard","meta":{"sfsi_plus_gutenberg_text_before_share":"","sfsi_plus_gutenberg_show_text_before_share":"","sfsi_plus_gutenberg_icon_type":"","sfsi_plus_gutenberg_icon_alignemt":"","sfsi_plus_gutenburg_max_per_row":"","footnotes":""},"categories":[11],"tags":[],"class_list":["post-166207","post","type-post","status-publish","format-standard","has-post-thumbnail","hentry","category-politica"],"_links":{"self":[{"href":"https:\/\/www.caririemacao.com\/1\/wp-json\/wp\/v2\/posts\/166207","targetHints":{"allow":["GET"]}}],"collection":[{"href":"https:\/\/www.caririemacao.com\/1\/wp-json\/wp\/v2\/posts"}],"about":[{"href":"https:\/\/www.caririemacao.com\/1\/wp-json\/wp\/v2\/types\/post"}],"author":[{"embeddable":true,"href":"https:\/\/www.caririemacao.com\/1\/wp-json\/wp\/v2\/users\/2"}],"replies":[{"embeddable":true,"href":"https:\/\/www.caririemacao.com\/1\/wp-json\/wp\/v2\/comments?post=166207"}],"version-history":[{"count":1,"href":"https:\/\/www.caririemacao.com\/1\/wp-json\/wp\/v2\/posts\/166207\/revisions"}],"predecessor-version":[{"id":166208,"href":"https:\/\/www.caririemacao.com\/1\/wp-json\/wp\/v2\/posts\/166207\/revisions\/166208"}],"wp:featuredmedia":[{"embeddable":true,"href":"https:\/\/www.caririemacao.com\/1\/wp-json\/wp\/v2\/media\/165579"}],"wp:attachment":[{"href":"https:\/\/www.caririemacao.com\/1\/wp-json\/wp\/v2\/media?parent=166207"}],"wp:term":[{"taxonomy":"category","embeddable":true,"href":"https:\/\/www.caririemacao.com\/1\/wp-json\/wp\/v2\/categories?post=166207"},{"taxonomy":"post_tag","embeddable":true,"href":"https:\/\/www.caririemacao.com\/1\/wp-json\/wp\/v2\/tags?post=166207"}],"curies":[{"name":"wp","href":"https:\/\/api.w.org\/{rel}","templated":true}]}}