{"id":166210,"date":"2020-04-28T07:14:29","date_gmt":"2020-04-28T10:14:29","guid":{"rendered":"https:\/\/www.caririemacao.com\/1\/?p=166210"},"modified":"2020-04-28T07:14:29","modified_gmt":"2020-04-28T10:14:29","slug":"paraiba-tem-tres-novos-obitos-por-covid-19-confirmados-hoje-e-total-chega-a-53-total-de-casos-chega-a-633","status":"publish","type":"post","link":"https:\/\/www.caririemacao.com\/1\/2020\/04\/28\/paraiba-tem-tres-novos-obitos-por-covid-19-confirmados-hoje-e-total-chega-a-53-total-de-casos-chega-a-633\/","title":{"rendered":"Para\u00edba tem tr\u00eas novos \u00f3bitos por covid-19 confirmados hoje e total chega a 53; total de casos chega a 633"},"content":{"rendered":"\n<p>A Secretaria de Sa\u00fade da Para\u00edba divulgou no final da tarde desta segunda-feira (27), um novo boletim sobre os casos de Coronav\u00edrus no estado. De acordo com o boletim, a Para\u00edba chega a marca de 633 casos de coronav\u00edrus, com 53 mortes.<\/p>\n\n\n\n<p>Confira os dados abaixo:<\/p>\n\n\n\n<ul class=\"wp-block-list\"><li>Casos Confirmados: 633<\/li><li>Casos Descartados: 1482<\/li><li>\u00d3bitos confirmados: 53&nbsp;&nbsp;<\/li><li>Casos recuperados: 119&nbsp;<\/li><\/ul>\n\n\n\n<p>Dos 633 casos confirmados at\u00e9 esta segunda, 27 de abril, 119 j\u00e1 se recuperaram, 53 est\u00e3o hospitalizados, 9 deles em leitos de UTI e 53, infelizmente, faleceram.&nbsp;<\/p>\n\n\n\n<p>Os demais se recuperam em isolamento domiciliar acompanhados pelas secretarias municipais de sa\u00fade.&nbsp;<\/p>\n\n\n\n<p>Os casos est\u00e3o distribu\u00eddos em 40 munic\u00edpios: Jo\u00e3o Pessoa (410); Campina Grande (42); Santa Rita (47); Cabedelo (22); Sap\u00e9 (18); Bayeux (17); Patos (12); Sousa (06); Cajazeiras (4); Conde (5); Junco do Serid\u00f3 (3); Guarabira (3); S\u00e3o Jo\u00e3o do Rio do Peixe (5); Pombal (2); Itapororoca (3); Itabaiana (2); Pedras de Fogo (3); Serra Branca (1); Riach\u00e3o do Po\u00e7o (1); S\u00e3o Bento (4); Congo (1); Queimadas (1); Bom Jesus (1); Cruz do Esp\u00edrito Santo (3); Igaracy (1); Alagoa Grande (1); Barra de S\u00e3o Miguel (1); Alagoa Nova (1); Coremas (1); Tapero\u00e1 (1); Brejo Do Cruz (1); Caapor\u00e3 (1); Coxixola (1); Boqueir\u00e3o (1); Areia (1); Mariz\u00f3polis (1),&nbsp; Gurinh\u00e9m (1), Esperan\u00e7a (2), Lagoa Seca (1), Mari (1).<\/p>\n\n\n\n<p>Tr\u00eas \u00f3bitos foram confirmados nas \u00faltimas 24 horas:<br>&nbsp;<br>Homem de 54 anos, residente em Boqueir\u00e3o, tabagista, estava interno em UPA no munic\u00edpio de Campina Grande,foi a \u00f3bito dia 26\/04.<\/p>\n\n\n\n<p>Mulher, idosa, 72 anos, residente em Santa Rita, hipertensa e diab\u00e9tica, estava interna em Hospital&nbsp; P\u00fablico, foi a \u00f3bito 27\/04.<\/p>\n\n\n\n<p>Mulher, 52 anos, residente em Mari. Portadora de obesidade e transtornos psiqui\u00e1tricos. Foi a \u00f3bito em 24 de abril em sua resid\u00eancia. O material foi coletado pelo Servi\u00e7o de Verifica\u00e7\u00e3o de \u00d3bitos.&nbsp;&nbsp;<\/p>\n\n\n\n<p>No momento, 38% dos leitos de UTI dispon\u00edveis no Plano Estadual de Conting\u00eancia para Covid-19 est\u00e3o ocupados.<\/p>\n","protected":false},"excerpt":{"rendered":"<p>A Secretaria de Sa\u00fade da Para\u00edba divulgou no final da tarde desta segunda-feira (27), um novo boletim sobre os casos de Coronav\u00edrus no estado. De&hellip; <\/p>\n","protected":false},"author":2,"featured_media":165534,"comment_status":"closed","ping_status":"closed","sticky":false,"template":"","format":"standard","meta":{"sfsi_plus_gutenberg_text_before_share":"","sfsi_plus_gutenberg_show_text_before_share":"","sfsi_plus_gutenberg_icon_type":"","sfsi_plus_gutenberg_icon_alignemt":"","sfsi_plus_gutenburg_max_per_row":"","footnotes":""},"categories":[2],"tags":[],"class_list":["post-166210","post","type-post","status-publish","format-standard","has-post-thumbnail","hentry","category-geral"],"_links":{"self":[{"href":"https:\/\/www.caririemacao.com\/1\/wp-json\/wp\/v2\/posts\/166210","targetHints":{"allow":["GET"]}}],"collection":[{"href":"https:\/\/www.caririemacao.com\/1\/wp-json\/wp\/v2\/posts"}],"about":[{"href":"https:\/\/www.caririemacao.com\/1\/wp-json\/wp\/v2\/types\/post"}],"author":[{"embeddable":true,"href":"https:\/\/www.caririemacao.com\/1\/wp-json\/wp\/v2\/users\/2"}],"replies":[{"embeddable":true,"href":"https:\/\/www.caririemacao.com\/1\/wp-json\/wp\/v2\/comments?post=166210"}],"version-history":[{"count":1,"href":"https:\/\/www.caririemacao.com\/1\/wp-json\/wp\/v2\/posts\/166210\/revisions"}],"predecessor-version":[{"id":166211,"href":"https:\/\/www.caririemacao.com\/1\/wp-json\/wp\/v2\/posts\/166210\/revisions\/166211"}],"wp:featuredmedia":[{"embeddable":true,"href":"https:\/\/www.caririemacao.com\/1\/wp-json\/wp\/v2\/media\/165534"}],"wp:attachment":[{"href":"https:\/\/www.caririemacao.com\/1\/wp-json\/wp\/v2\/media?parent=166210"}],"wp:term":[{"taxonomy":"category","embeddable":true,"href":"https:\/\/www.caririemacao.com\/1\/wp-json\/wp\/v2\/categories?post=166210"},{"taxonomy":"post_tag","embeddable":true,"href":"https:\/\/www.caririemacao.com\/1\/wp-json\/wp\/v2\/tags?post=166210"}],"curies":[{"name":"wp","href":"https:\/\/api.w.org\/{rel}","templated":true}]}}