{"id":166213,"date":"2020-04-28T07:17:49","date_gmt":"2020-04-28T10:17:49","guid":{"rendered":"https:\/\/www.caririemacao.com\/1\/?p=166213"},"modified":"2020-04-28T07:17:49","modified_gmt":"2020-04-28T10:17:49","slug":"cref-quer-inclusao-de-atividade-fisica-como-servico-essencial-para-possibilitar-reabertura-de-academias-na-paraiba","status":"publish","type":"post","link":"https:\/\/www.caririemacao.com\/1\/2020\/04\/28\/cref-quer-inclusao-de-atividade-fisica-como-servico-essencial-para-possibilitar-reabertura-de-academias-na-paraiba\/","title":{"rendered":"CREF quer inclus\u00e3o de atividade f\u00edsica como servi\u00e7o essencial para possibilitar reabertura de academias na Para\u00edba"},"content":{"rendered":"\n<p>O Conselho Regional de Educa\u00e7\u00e3o F\u00edsica da 10\u00aa Regi\u00e3o \u2013 CREF10\/PB,&nbsp;quer inclus\u00e3o de atividade f\u00edsica como servi\u00e7o essencial para possibilitar reabertura de academias&nbsp;na Para\u00edba, que se encontram fechadas desde o decreto estadual publicado no final de mar\u00e7o.&nbsp;<\/p>\n\n\n\n<p>O \u00f3rg\u00e3o pede uma poss\u00edvel flexibiliza\u00e7\u00e3o do encerramento tempor\u00e1rio do funcionamento de academias de gin\u00e1stica e espa\u00e7os afins. Foi solicitada, ainda, a abertura de uma linha de cr\u00e9dito para os pequenos empres\u00e1rios; redu\u00e7\u00e3o, por 180 dias, das taxas de ISS; e libera\u00e7\u00e3o do pagamento de contas de energia e \u00e1gua.<\/p>\n\n\n\n<p>O objetivo \u00e9 minimizar os impactos econ\u00f4micos resultantes do fechamento de tais estabelecimentos, mantendo os cuidados necess\u00e1rios para a redu\u00e7\u00e3o dos riscos de cont\u00e1gio. Na hip\u00f3tese de uma libera\u00e7\u00e3o controlada e progressiva desses servi\u00e7os, o CREF10 sugere algumas orienta\u00e7\u00f5es e recomenda\u00e7\u00f5es a serem seguidas. No entanto, ainda n\u00e3o h\u00e1 resposta dos \u00f3rg\u00e3os contatados em rela\u00e7\u00e3o \u00e0s solicita\u00e7\u00f5es do Conselho.<\/p>\n\n\n\n<p>De acordo com o presidente do CREF10, Francisco Martins da Silva, a empregabilidade dos Profissionais de Educa\u00e7\u00e3o F\u00edsica est\u00e1 afetada de forma significativa. \u201cEntendemos a gravidade da situa\u00e7\u00e3o e discutimos v\u00e1rias formas de auxiliar a categoria neste momento. Apresentamos \u00e0s autoridades uma pauta de alternativas que, preservando os cuidados e seguran\u00e7a que o cen\u00e1rio atual exige, poder\u00e3o contribuir para minimizar as dificuldades enfrentadas pelos profissionais e empres\u00e1rios da \u00e1rea\u201d, declarou.<\/p>\n\n\n\n<p>Se o pedido for aprovado, a abertura progressiva e controlada de est\u00fadios e academias, adotar\u00e1 algumas medidas como:&nbsp;uso obrigat\u00f3rio de EPI\u2019s para funcion\u00e1rios, personal trainers e terceirizados; limitar a quantidade de clientes que entram na academia; higienizar cada equipamento antes e ap\u00f3s o uso; delimitar com fita o espa\u00e7o em que cada cliente deve se exercitar nas \u00e1reas de peso livre; utilizar apenas 50% dos aparelhos de c\u00e1rdio, ou seja, deixar o espa\u00e7amento de um equipamento sem uso em rela\u00e7\u00e3o ao outro (fazer o mesmo com os arm\u00e1rios); suspender temporariamente as aulas coletivas nos ambientes fechados (dar prefer\u00eancia aos exerc\u00edcios ao ar livre) etc.&nbsp;<\/p>\n","protected":false},"excerpt":{"rendered":"<p>O Conselho Regional de Educa\u00e7\u00e3o F\u00edsica da 10\u00aa Regi\u00e3o \u2013 CREF10\/PB,&nbsp;quer inclus\u00e3o de atividade f\u00edsica como servi\u00e7o essencial para possibilitar reabertura de academias&nbsp;na Para\u00edba, que&hellip; <\/p>\n","protected":false},"author":2,"featured_media":166214,"comment_status":"closed","ping_status":"closed","sticky":false,"template":"","format":"standard","meta":{"sfsi_plus_gutenberg_text_before_share":"","sfsi_plus_gutenberg_show_text_before_share":"","sfsi_plus_gutenberg_icon_type":"","sfsi_plus_gutenberg_icon_alignemt":"","sfsi_plus_gutenburg_max_per_row":"","footnotes":""},"categories":[13],"tags":[],"class_list":["post-166213","post","type-post","status-publish","format-standard","has-post-thumbnail","hentry","category-esportes"],"_links":{"self":[{"href":"https:\/\/www.caririemacao.com\/1\/wp-json\/wp\/v2\/posts\/166213","targetHints":{"allow":["GET"]}}],"collection":[{"href":"https:\/\/www.caririemacao.com\/1\/wp-json\/wp\/v2\/posts"}],"about":[{"href":"https:\/\/www.caririemacao.com\/1\/wp-json\/wp\/v2\/types\/post"}],"author":[{"embeddable":true,"href":"https:\/\/www.caririemacao.com\/1\/wp-json\/wp\/v2\/users\/2"}],"replies":[{"embeddable":true,"href":"https:\/\/www.caririemacao.com\/1\/wp-json\/wp\/v2\/comments?post=166213"}],"version-history":[{"count":1,"href":"https:\/\/www.caririemacao.com\/1\/wp-json\/wp\/v2\/posts\/166213\/revisions"}],"predecessor-version":[{"id":166215,"href":"https:\/\/www.caririemacao.com\/1\/wp-json\/wp\/v2\/posts\/166213\/revisions\/166215"}],"wp:featuredmedia":[{"embeddable":true,"href":"https:\/\/www.caririemacao.com\/1\/wp-json\/wp\/v2\/media\/166214"}],"wp:attachment":[{"href":"https:\/\/www.caririemacao.com\/1\/wp-json\/wp\/v2\/media?parent=166213"}],"wp:term":[{"taxonomy":"category","embeddable":true,"href":"https:\/\/www.caririemacao.com\/1\/wp-json\/wp\/v2\/categories?post=166213"},{"taxonomy":"post_tag","embeddable":true,"href":"https:\/\/www.caririemacao.com\/1\/wp-json\/wp\/v2\/tags?post=166213"}],"curies":[{"name":"wp","href":"https:\/\/api.w.org\/{rel}","templated":true}]}}