{"id":166217,"date":"2020-04-28T07:20:10","date_gmt":"2020-04-28T10:20:10","guid":{"rendered":"https:\/\/www.caririemacao.com\/1\/?p=166217"},"modified":"2020-04-28T07:20:10","modified_gmt":"2020-04-28T10:20:10","slug":"parlamento-nao-causara-crise-diz-maia-sobre-impeachment","status":"publish","type":"post","link":"https:\/\/www.caririemacao.com\/1\/2020\/04\/28\/parlamento-nao-causara-crise-diz-maia-sobre-impeachment\/","title":{"rendered":"Parlamento n\u00e3o causar\u00e1 crise, diz Maia sobre Impeachment"},"content":{"rendered":"\n<p>O presidente da C\u00e2mara dos Deputados, Rodrigo Maia (DEM-RJ), afirmou nesta segunda-feira que o Parlamento n\u00e3o ser\u00e1 instrumento de turbul\u00eancias e crise pol\u00edtica, o que poderia trazer mais incertezas e dar &#8220;contornos ainda mais graves&#8221; \u00e0 crise da pandemia do coronav\u00edrus.<\/p>\n\n\n\n<p>Ao ser questionado sobre os pedidos de impeachment contra o presidente Jair Bolsonaro, Maia defendeu que o momento exige &#8220;paci\u00eancia&#8221; e garantiu que a C\u00e2mara manter\u00e1 seu foco no debate e vota\u00e7\u00f5es de propostas de enfrentamento da crise.<\/p>\n\n\n\n<p>Maia comentou ainda as recentes demiss\u00f5es dos ex-ministros da Sa\u00fade Luiz Henrique Mandetta e da Justi\u00e7a Sergio Moro, afirmando que as mudan\u00e7as nas pastas durante a pandemia geram inseguran\u00e7a, assim como eventual desembarque do ministro da Economia, Paulo Guedes, teria impacto negativo.<\/p>\n","protected":false},"excerpt":{"rendered":"<p>O presidente da C\u00e2mara dos Deputados, Rodrigo Maia (DEM-RJ), afirmou nesta segunda-feira que o Parlamento n\u00e3o ser\u00e1 instrumento de turbul\u00eancias e crise pol\u00edtica, o que&hellip; <\/p>\n","protected":false},"author":2,"featured_media":162072,"comment_status":"closed","ping_status":"closed","sticky":false,"template":"","format":"standard","meta":{"sfsi_plus_gutenberg_text_before_share":"","sfsi_plus_gutenberg_show_text_before_share":"","sfsi_plus_gutenberg_icon_type":"","sfsi_plus_gutenberg_icon_alignemt":"","sfsi_plus_gutenburg_max_per_row":"","footnotes":""},"categories":[11],"tags":[],"class_list":["post-166217","post","type-post","status-publish","format-standard","has-post-thumbnail","hentry","category-politica"],"_links":{"self":[{"href":"https:\/\/www.caririemacao.com\/1\/wp-json\/wp\/v2\/posts\/166217","targetHints":{"allow":["GET"]}}],"collection":[{"href":"https:\/\/www.caririemacao.com\/1\/wp-json\/wp\/v2\/posts"}],"about":[{"href":"https:\/\/www.caririemacao.com\/1\/wp-json\/wp\/v2\/types\/post"}],"author":[{"embeddable":true,"href":"https:\/\/www.caririemacao.com\/1\/wp-json\/wp\/v2\/users\/2"}],"replies":[{"embeddable":true,"href":"https:\/\/www.caririemacao.com\/1\/wp-json\/wp\/v2\/comments?post=166217"}],"version-history":[{"count":1,"href":"https:\/\/www.caririemacao.com\/1\/wp-json\/wp\/v2\/posts\/166217\/revisions"}],"predecessor-version":[{"id":166218,"href":"https:\/\/www.caririemacao.com\/1\/wp-json\/wp\/v2\/posts\/166217\/revisions\/166218"}],"wp:featuredmedia":[{"embeddable":true,"href":"https:\/\/www.caririemacao.com\/1\/wp-json\/wp\/v2\/media\/162072"}],"wp:attachment":[{"href":"https:\/\/www.caririemacao.com\/1\/wp-json\/wp\/v2\/media?parent=166217"}],"wp:term":[{"taxonomy":"category","embeddable":true,"href":"https:\/\/www.caririemacao.com\/1\/wp-json\/wp\/v2\/categories?post=166217"},{"taxonomy":"post_tag","embeddable":true,"href":"https:\/\/www.caririemacao.com\/1\/wp-json\/wp\/v2\/tags?post=166217"}],"curies":[{"name":"wp","href":"https:\/\/api.w.org\/{rel}","templated":true}]}}