{"id":166220,"date":"2020-04-28T07:25:38","date_gmt":"2020-04-28T10:25:38","guid":{"rendered":"https:\/\/www.caririemacao.com\/1\/?p=166220"},"modified":"2020-04-28T07:25:38","modified_gmt":"2020-04-28T10:25:38","slug":"corpo-de-bombeiros-monitora-acude-na-pb-e-alerta-populares-para-perigo-de-rompimento","status":"publish","type":"post","link":"https:\/\/www.caririemacao.com\/1\/2020\/04\/28\/corpo-de-bombeiros-monitora-acude-na-pb-e-alerta-populares-para-perigo-de-rompimento\/","title":{"rendered":"Corpo de Bombeiros monitora a\u00e7ude na PB e alerta populares para perigo de rompimento"},"content":{"rendered":"\n<div class=\"wp-block-image\"><figure class=\"aligncenter\"><img decoding=\"async\" data-src=\"http:\/\/deolhonocariri.com.br\/wp-content\/uploads\/2020\/04\/screenshot_1.jpg\" alt=\"\" class=\"wp-image-81470 lazyload\" src=\"data:image\/svg+xml;base64,PHN2ZyB3aWR0aD0iMSIgaGVpZ2h0PSIxIiB4bWxucz0iaHR0cDovL3d3dy53My5vcmcvMjAwMC9zdmciPjwvc3ZnPg==\" \/><\/figure><\/div>\n\n\n\n<p>A Prefeitura de Olho D\u2019\u00e1gua, no interior da Para\u00edba, foi alertada nesta segunda-feira (27) pelo Corpo de Bombeiros Militar e a Defesa Civil que um a\u00e7ude situado no Distrito de Palmeira, munic\u00edpio de Imaculada, pode se romper a qualquer momento.<\/p>\n\n\n\n<p>O rompimento poderia causar alagamentos em Olho D\u2019\u00c1gua, al\u00e9m de destrui\u00e7\u00e3o e transtornos para a popula\u00e7\u00e3o.<\/p>\n\n\n\n<p>Os \u00f3rg\u00e3os competentes pedem \u00e0 popula\u00e7\u00e3o que mora pr\u00f3ximo aos rios que saiam de suas resid\u00eancias.<\/p>\n\n\n\n<p>De acordo com o coronel Saulo Laurentino, do Corpo de Bombeiros Militar, o local ser\u00e1 monitorado por militares da corpora\u00e7\u00e3o at\u00e9 que qualquer tipo de risco seja cessado.<\/p>\n\n\n\n<p>\u201cN\u00f3s vamos passar a noite por aqui nos revezando no monitoramento. Amanh\u00e3 novas equipes chegar\u00e3o, e n\u00f3s estamos enviando equipes para o munic\u00edpio de Olho D\u2019\u00e1gua para uma prontid\u00e3o atrav\u00e9s de apoio que nos foi dado l\u00e1 e vamos montar uma estrutura para resposta com apoio de Itaporanga, Patos, Sousa e Pombal.\u201d<\/p>\n\n\n\n<p>\u201cTodas essas cidades possuem unidades de Corpos de Bombeiros e est\u00e3o enviando equipes, viaturas e embarca\u00e7\u00e3o para que possamos ter um quartel tempor\u00e1rio no munic\u00edpio de Olho D\u2019\u00e1gua e acompanhar a situa\u00e7\u00e3o para dar a melhor resposta poss\u00edvel\u201d, explicou o coronel.<\/p>\n\n\n\n<p>\u201cA situa\u00e7\u00e3o nos traz a preocupa\u00e7\u00e3o, a gente aguarda os laudos das equipes t\u00e9cnicas e estamos fazendo o nosso trabalho no tocante a necessidade de saber a hora precisa caso venha a acontecer e fazer o devido aviso para que as guarni\u00e7\u00f5es possam responder o mais r\u00e1pido poss\u00edvel, minimizando qualquer tipo de risco\u201d, concluiu.<\/p>\n\n\n\n<p><em>Com Click PB<\/em><\/p>\n","protected":false},"excerpt":{"rendered":"<p>A Prefeitura de Olho D\u2019\u00e1gua, no interior da Para\u00edba, foi alertada nesta segunda-feira (27) pelo Corpo de Bombeiros Militar e a Defesa Civil que um&hellip; <\/p>\n","protected":false},"author":2,"featured_media":166221,"comment_status":"closed","ping_status":"closed","sticky":false,"template":"","format":"standard","meta":{"sfsi_plus_gutenberg_text_before_share":"","sfsi_plus_gutenberg_show_text_before_share":"","sfsi_plus_gutenberg_icon_type":"","sfsi_plus_gutenberg_icon_alignemt":"","sfsi_plus_gutenburg_max_per_row":"","footnotes":""},"categories":[2],"tags":[],"class_list":["post-166220","post","type-post","status-publish","format-standard","has-post-thumbnail","hentry","category-geral"],"_links":{"self":[{"href":"https:\/\/www.caririemacao.com\/1\/wp-json\/wp\/v2\/posts\/166220","targetHints":{"allow":["GET"]}}],"collection":[{"href":"https:\/\/www.caririemacao.com\/1\/wp-json\/wp\/v2\/posts"}],"about":[{"href":"https:\/\/www.caririemacao.com\/1\/wp-json\/wp\/v2\/types\/post"}],"author":[{"embeddable":true,"href":"https:\/\/www.caririemacao.com\/1\/wp-json\/wp\/v2\/users\/2"}],"replies":[{"embeddable":true,"href":"https:\/\/www.caririemacao.com\/1\/wp-json\/wp\/v2\/comments?post=166220"}],"version-history":[{"count":1,"href":"https:\/\/www.caririemacao.com\/1\/wp-json\/wp\/v2\/posts\/166220\/revisions"}],"predecessor-version":[{"id":166222,"href":"https:\/\/www.caririemacao.com\/1\/wp-json\/wp\/v2\/posts\/166220\/revisions\/166222"}],"wp:featuredmedia":[{"embeddable":true,"href":"https:\/\/www.caririemacao.com\/1\/wp-json\/wp\/v2\/media\/166221"}],"wp:attachment":[{"href":"https:\/\/www.caririemacao.com\/1\/wp-json\/wp\/v2\/media?parent=166220"}],"wp:term":[{"taxonomy":"category","embeddable":true,"href":"https:\/\/www.caririemacao.com\/1\/wp-json\/wp\/v2\/categories?post=166220"},{"taxonomy":"post_tag","embeddable":true,"href":"https:\/\/www.caririemacao.com\/1\/wp-json\/wp\/v2\/tags?post=166220"}],"curies":[{"name":"wp","href":"https:\/\/api.w.org\/{rel}","templated":true}]}}