{"id":166224,"date":"2020-04-28T07:33:07","date_gmt":"2020-04-28T10:33:07","guid":{"rendered":"https:\/\/www.caririemacao.com\/1\/?p=166224"},"modified":"2020-04-28T07:33:07","modified_gmt":"2020-04-28T10:33:07","slug":"servidor-nao-pode-ficar-em-casa-com-a-geladeira-cheia-enquanto-milhoes-perdem-o-emprego-diz-guedes","status":"publish","type":"post","link":"https:\/\/www.caririemacao.com\/1\/2020\/04\/28\/servidor-nao-pode-ficar-em-casa-com-a-geladeira-cheia-enquanto-milhoes-perdem-o-emprego-diz-guedes\/","title":{"rendered":"&#8221;Servidor n\u00e3o pode ficar em casa com a geladeira cheia, enquanto milh\u00f5es perdem o emprego&#8221;, diz Guedes"},"content":{"rendered":"\n<p>O ministro da Economia, Paulo Guedes, indicou que o governo pode avan\u00e7ar, nesta semana, com o plano que prev\u00ea o congelamento dos sal\u00e1rios dos servidores p\u00fablicos federais. A ideia, segundo Guedes, \u00e9 n\u00e3o liberar aumentos por um ano e meio, pois o funcionalismo n\u00e3o pode &#8220;ficar em casa trancado com a geladeira cheia assistindo \u00e0 crise [do coronav\u00edrus], enquanto milh\u00f5es de brasileiros est\u00e3o perdendo o emprego&#8221;.&nbsp;<\/p>\n\n\n\n<p>&#8220;Precisamos tamb\u00e9m que o funcionalismo p\u00fablico mostre que est\u00e1 com o Brasil, que vai fazer um sacrif\u00edcio elo Brasil, n\u00e3o vai ficar em casa trancado com a geladeira cheia assistindo \u00e0 crise enquanto milh\u00f5es de brasileiros est\u00e3o perdendo o emprego. N\u00e3o! Eles v\u00e3o colaborar, eles v\u00e3o tamb\u00e9m ficar sem pedir aumento por algum tempo&#8221;, afirmou Paulo Guedes nesta segunda-feira (27\/), na sa\u00edda do Pal\u00e1cio do Alvorada, depois de uma reuni\u00e3o com o presidente Jair Bolsonaro.&nbsp;<\/p>\n\n\n\n<p>O ministro ainda disse que, nesta semana, deve haver novidades sobre esse assunto. &#8220;O presidente disse que ningu\u00e9m tira direito, ningu\u00e9m tira sal\u00e1rio, ningu\u00e9m encosta em nenhum direito que existe hoje. Mas, por aten\u00e7\u00e3o dos brasileiros e para nos ajudar no combate a essa crise, n\u00e3o pe\u00e7am aumento por um ano e meio. Contribuam para o Brasil. Essa semana mesmo devemos ter essa novidade. Um plano importante, estruturante, que mostra uma contrapartida&#8221;, declarou.<\/p>\n\n\n\n<p>Guedes argumentou que o congelamento salarial representaria a contrapartida dos servidores \u00e0 crise da Covid-19. Afinal, reduziria o aumento dos gastos p\u00fablicos nos pr\u00f3ximos meses, quando o governo vai precisar pagar a conta dos gastos extraordin\u00e1rios que foram necess\u00e1rios durante a pandemia do coronav\u00edrus.<\/p>\n\n\n\n<p>Ideia antiga<br>O ministro j\u00e1 defendeu essa proposta em outras oportunidades, inclusive em conversas com os parlamentares que precisar\u00e3o aprovar o congelamento. Por\u00e9m, nas outras ocasi\u00f5es havia defendido o congelamento salarial por dois anos e n\u00e3o por um ano e meio, com sugeriu nesta segunda.<\/p>\n\n\n\n<p>Al\u00e9m disso, o ministro ainda n\u00e3o deixou claro de que forma o congelamento ser\u00e1 tratado pelo governo, se ser\u00e1 atrav\u00e9s de uma nova proposta de emenda \u00e0 Constitui\u00e7\u00e3o (PEC), por meio da reforma administrativa ou da PEC Emergencial que j\u00e1 est\u00e1 no Congresso.&nbsp;<\/p>\n","protected":false},"excerpt":{"rendered":"<p>O ministro da Economia, Paulo Guedes, indicou que o governo pode avan\u00e7ar, nesta semana, com o plano que prev\u00ea o congelamento dos sal\u00e1rios dos servidores&hellip; <\/p>\n","protected":false},"author":2,"featured_media":166076,"comment_status":"closed","ping_status":"closed","sticky":false,"template":"","format":"standard","meta":{"sfsi_plus_gutenberg_text_before_share":"","sfsi_plus_gutenberg_show_text_before_share":"","sfsi_plus_gutenberg_icon_type":"","sfsi_plus_gutenberg_icon_alignemt":"","sfsi_plus_gutenburg_max_per_row":"","footnotes":""},"categories":[11],"tags":[],"class_list":["post-166224","post","type-post","status-publish","format-standard","has-post-thumbnail","hentry","category-politica"],"_links":{"self":[{"href":"https:\/\/www.caririemacao.com\/1\/wp-json\/wp\/v2\/posts\/166224","targetHints":{"allow":["GET"]}}],"collection":[{"href":"https:\/\/www.caririemacao.com\/1\/wp-json\/wp\/v2\/posts"}],"about":[{"href":"https:\/\/www.caririemacao.com\/1\/wp-json\/wp\/v2\/types\/post"}],"author":[{"embeddable":true,"href":"https:\/\/www.caririemacao.com\/1\/wp-json\/wp\/v2\/users\/2"}],"replies":[{"embeddable":true,"href":"https:\/\/www.caririemacao.com\/1\/wp-json\/wp\/v2\/comments?post=166224"}],"version-history":[{"count":1,"href":"https:\/\/www.caririemacao.com\/1\/wp-json\/wp\/v2\/posts\/166224\/revisions"}],"predecessor-version":[{"id":166225,"href":"https:\/\/www.caririemacao.com\/1\/wp-json\/wp\/v2\/posts\/166224\/revisions\/166225"}],"wp:featuredmedia":[{"embeddable":true,"href":"https:\/\/www.caririemacao.com\/1\/wp-json\/wp\/v2\/media\/166076"}],"wp:attachment":[{"href":"https:\/\/www.caririemacao.com\/1\/wp-json\/wp\/v2\/media?parent=166224"}],"wp:term":[{"taxonomy":"category","embeddable":true,"href":"https:\/\/www.caririemacao.com\/1\/wp-json\/wp\/v2\/categories?post=166224"},{"taxonomy":"post_tag","embeddable":true,"href":"https:\/\/www.caririemacao.com\/1\/wp-json\/wp\/v2\/tags?post=166224"}],"curies":[{"name":"wp","href":"https:\/\/api.w.org\/{rel}","templated":true}]}}