{"id":166227,"date":"2020-04-28T07:35:52","date_gmt":"2020-04-28T10:35:52","guid":{"rendered":"https:\/\/www.caririemacao.com\/1\/?p=166227"},"modified":"2020-04-28T07:35:52","modified_gmt":"2020-04-28T10:35:52","slug":"forma-como-moro-saiu-nao-e-a-mais-apropriada-diz-mourao","status":"publish","type":"post","link":"https:\/\/www.caririemacao.com\/1\/2020\/04\/28\/forma-como-moro-saiu-nao-e-a-mais-apropriada-diz-mourao\/","title":{"rendered":"&#8220;Forma como Moro saiu n\u00e3o \u00e9 a mais apropriada&#8221;, diz Mour\u00e3o"},"content":{"rendered":"\n<p>O vice-presidente da Rep\u00fablica, Hamilton Mour\u00e3o, avaliou que a forma como o ex-ministro Sergio Moro deixou o cargo, na semana passada, n\u00e3o foi &#8220;apropriada&#8221;. Mour\u00e3o afirmou que a sa\u00edda de Moro, por si s\u00f3, gera problemas para o governo, mas as acusa\u00e7\u00f5es contra o presidente Jair Bolsonaro de tentar interferir na Pol\u00edtica Federal intensificaram a quest\u00e3o.<\/p>\n\n\n\n<p>&#8220;Dentro da minha cultura, a forma como o ex-ministro Moro saiu n\u00e3o \u00e9 a mais apropriada. Ele poderia simplesmente ter solicitado sua demiss\u00e3o&#8221;, declarou o vice-presidente em videoconfer\u00eancia promovida pela Arko Advice. &#8220;S\u00f3 isso (demiss\u00e3o de Moro) j\u00e1 seria um problema para o governo pelas pr\u00f3prias caracter\u00edsticas do Sergio Moro e tudo que ele representa para o Pa\u00eds. Vida que segue agora&#8221;, disse Mour\u00e3o.<\/p>\n\n\n\n<p>Na entrevista, o vice tamb\u00e9m afirmou que Bolsonaro e Moro tiveram &#8220;algumas rusgas&#8221; no relacionamento, como considera que ocorre &#8220;em todo e qualquer relacionamento entre um chefe e o seu subordinado&#8221;.<\/p>\n\n\n\n<p>Ainda de acordo com Mour\u00e3o, Bolsonaro ainda est\u00e1 escolhendo um substituto para o lugar de Moro. Nos bastidores, o nome mais forte \u00e9 o do atual ministro da Secretaria-Geral, Jorge Oliveira. Com a mudan\u00e7a no comando do Minist\u00e9rio da Justi\u00e7a e Seguran\u00e7a P\u00fablico, o vice-presidente disse esperar um per\u00edodo de mais tranquilidade.<\/p>\n","protected":false},"excerpt":{"rendered":"<p>O vice-presidente da Rep\u00fablica, Hamilton Mour\u00e3o, avaliou que a forma como o ex-ministro Sergio Moro deixou o cargo, na semana passada, n\u00e3o foi &#8220;apropriada&#8221;. Mour\u00e3o&hellip; <\/p>\n","protected":false},"author":2,"featured_media":102218,"comment_status":"closed","ping_status":"closed","sticky":false,"template":"","format":"standard","meta":{"sfsi_plus_gutenberg_text_before_share":"","sfsi_plus_gutenberg_show_text_before_share":"","sfsi_plus_gutenberg_icon_type":"","sfsi_plus_gutenberg_icon_alignemt":"","sfsi_plus_gutenburg_max_per_row":"","footnotes":""},"categories":[11],"tags":[],"class_list":["post-166227","post","type-post","status-publish","format-standard","has-post-thumbnail","hentry","category-politica"],"_links":{"self":[{"href":"https:\/\/www.caririemacao.com\/1\/wp-json\/wp\/v2\/posts\/166227","targetHints":{"allow":["GET"]}}],"collection":[{"href":"https:\/\/www.caririemacao.com\/1\/wp-json\/wp\/v2\/posts"}],"about":[{"href":"https:\/\/www.caririemacao.com\/1\/wp-json\/wp\/v2\/types\/post"}],"author":[{"embeddable":true,"href":"https:\/\/www.caririemacao.com\/1\/wp-json\/wp\/v2\/users\/2"}],"replies":[{"embeddable":true,"href":"https:\/\/www.caririemacao.com\/1\/wp-json\/wp\/v2\/comments?post=166227"}],"version-history":[{"count":1,"href":"https:\/\/www.caririemacao.com\/1\/wp-json\/wp\/v2\/posts\/166227\/revisions"}],"predecessor-version":[{"id":166228,"href":"https:\/\/www.caririemacao.com\/1\/wp-json\/wp\/v2\/posts\/166227\/revisions\/166228"}],"wp:featuredmedia":[{"embeddable":true,"href":"https:\/\/www.caririemacao.com\/1\/wp-json\/wp\/v2\/media\/102218"}],"wp:attachment":[{"href":"https:\/\/www.caririemacao.com\/1\/wp-json\/wp\/v2\/media?parent=166227"}],"wp:term":[{"taxonomy":"category","embeddable":true,"href":"https:\/\/www.caririemacao.com\/1\/wp-json\/wp\/v2\/categories?post=166227"},{"taxonomy":"post_tag","embeddable":true,"href":"https:\/\/www.caririemacao.com\/1\/wp-json\/wp\/v2\/tags?post=166227"}],"curies":[{"name":"wp","href":"https:\/\/api.w.org\/{rel}","templated":true}]}}