{"id":166230,"date":"2020-04-28T07:44:57","date_gmt":"2020-04-28T10:44:57","guid":{"rendered":"https:\/\/www.caririemacao.com\/1\/?p=166230"},"modified":"2020-04-28T07:44:57","modified_gmt":"2020-04-28T10:44:57","slug":"prefeitura-de-zabele-instala-barreira-sanitaria-para-prevencao-do-coronavirus","status":"publish","type":"post","link":"https:\/\/www.caririemacao.com\/1\/2020\/04\/28\/prefeitura-de-zabele-instala-barreira-sanitaria-para-prevencao-do-coronavirus\/","title":{"rendered":"Prefeitura de Zabel\u00ea instala barreira sanit\u00e1ria para preven\u00e7\u00e3o do coronav\u00edrus"},"content":{"rendered":"\n<div class=\"wp-block-image\"><figure class=\"aligncenter\"><img decoding=\"async\" data-src=\"https:\/\/opipoco.com.br\/wp-content\/uploads\/2020\/04\/95175959_1613667185462220_3023137504384516096_o.jpg\" alt=\"95175959_1613667185462220_3023137504384516096_o Prefeitura de Zabel\u00ea instala barreira sanit\u00e1ria para preven\u00e7\u00e3o do coronav\u00edrus\" class=\"wp-image-88323 lazyload\" title=\"95175959_1613667185462220_3023137504384516096_o Prefeitura de Zabel\u00ea instala barreira sanit\u00e1ria para preven\u00e7\u00e3o do coronav\u00edrus\" src=\"data:image\/svg+xml;base64,PHN2ZyB3aWR0aD0iMSIgaGVpZ2h0PSIxIiB4bWxucz0iaHR0cDovL3d3dy53My5vcmcvMjAwMC9zdmciPjwvc3ZnPg==\" \/><\/figure><\/div>\n\n\n\n<p>A Prefeitura Municipal de Zabel\u00ea, atrav\u00e9s da Secretaria de Sa\u00fade, instalou nesta segunda-feira (27) a barreira sanit\u00e1ria na entrada do munic\u00edpio. A a\u00e7\u00e3o, que j\u00e1 havia sido solicitada pelos mun\u00edcipes, busca prevenir o avan\u00e7o do novo coronav\u00edrus no munic\u00edpio, visto que j\u00e1 existem casos confirmados em cidades pr\u00f3ximas.<\/p>\n\n\n\n<p>Para viabilizar a a\u00e7\u00e3o contamos com o apoio das secretarias de Assist\u00eancia Social, Cultural, Infraestrutura e Educa\u00e7\u00e3o.<\/p>\n\n\n\n<p>Os agentes envolvidos nas barreiras sanit\u00e1rias est\u00e3o conferindo a temperatura corporal dos condutores e passageiros dos autom\u00f3veis que entram no munic\u00edpio oriundos de outras localidades. Na oportunidade desinfectam os pneus, distribuem m\u00e1scaras e fazem panfletagem esclarecendo sobre o COVID-19, bem como os cuidados de isolamento social e higiene que devem ser tomados e seguidos no munic\u00edpio.<\/p>\n","protected":false},"excerpt":{"rendered":"<p>A Prefeitura Municipal de Zabel\u00ea, atrav\u00e9s da Secretaria de Sa\u00fade, instalou nesta segunda-feira (27) a barreira sanit\u00e1ria na entrada do munic\u00edpio. A a\u00e7\u00e3o, que j\u00e1&hellip; <\/p>\n","protected":false},"author":2,"featured_media":166232,"comment_status":"closed","ping_status":"closed","sticky":false,"template":"","format":"standard","meta":{"sfsi_plus_gutenberg_text_before_share":"","sfsi_plus_gutenberg_show_text_before_share":"","sfsi_plus_gutenberg_icon_type":"","sfsi_plus_gutenberg_icon_alignemt":"","sfsi_plus_gutenburg_max_per_row":"","footnotes":""},"categories":[6],"tags":[],"class_list":["post-166230","post","type-post","status-publish","format-standard","has-post-thumbnail","hentry","category-cidades"],"_links":{"self":[{"href":"https:\/\/www.caririemacao.com\/1\/wp-json\/wp\/v2\/posts\/166230","targetHints":{"allow":["GET"]}}],"collection":[{"href":"https:\/\/www.caririemacao.com\/1\/wp-json\/wp\/v2\/posts"}],"about":[{"href":"https:\/\/www.caririemacao.com\/1\/wp-json\/wp\/v2\/types\/post"}],"author":[{"embeddable":true,"href":"https:\/\/www.caririemacao.com\/1\/wp-json\/wp\/v2\/users\/2"}],"replies":[{"embeddable":true,"href":"https:\/\/www.caririemacao.com\/1\/wp-json\/wp\/v2\/comments?post=166230"}],"version-history":[{"count":1,"href":"https:\/\/www.caririemacao.com\/1\/wp-json\/wp\/v2\/posts\/166230\/revisions"}],"predecessor-version":[{"id":166231,"href":"https:\/\/www.caririemacao.com\/1\/wp-json\/wp\/v2\/posts\/166230\/revisions\/166231"}],"wp:featuredmedia":[{"embeddable":true,"href":"https:\/\/www.caririemacao.com\/1\/wp-json\/wp\/v2\/media\/166232"}],"wp:attachment":[{"href":"https:\/\/www.caririemacao.com\/1\/wp-json\/wp\/v2\/media?parent=166230"}],"wp:term":[{"taxonomy":"category","embeddable":true,"href":"https:\/\/www.caririemacao.com\/1\/wp-json\/wp\/v2\/categories?post=166230"},{"taxonomy":"post_tag","embeddable":true,"href":"https:\/\/www.caririemacao.com\/1\/wp-json\/wp\/v2\/tags?post=166230"}],"curies":[{"name":"wp","href":"https:\/\/api.w.org\/{rel}","templated":true}]}}