{"id":166234,"date":"2020-04-28T07:53:45","date_gmt":"2020-04-28T10:53:45","guid":{"rendered":"https:\/\/www.caririemacao.com\/1\/?p=166234"},"modified":"2020-04-28T07:53:45","modified_gmt":"2020-04-28T10:53:45","slug":"como-funcionam-os-respiradores-mecanicos","status":"publish","type":"post","link":"https:\/\/www.caririemacao.com\/1\/2020\/04\/28\/como-funcionam-os-respiradores-mecanicos\/","title":{"rendered":"como funcionam os respiradores mec\u00e2nicos?"},"content":{"rendered":"\n<p>O ventilador pulmonar \u00e9 uma m\u00e1quina para dar suporte respirat\u00f3rio a pacientes. Segundo as informa\u00e7\u00f5es disponibilizadas pelo Instituto Nacional de Cora\u00e7\u00e3o, Pulm\u00f5es e Sangue dos Estados Unidos, o respirador \u00e9 usado nos casos em que a anestesia necess\u00e1ria para uma cirurgia dificulta o funcionamento dos pulm\u00f5es ou de doen\u00e7as que comprometam o sistema pulmonar, como a pneumonia e as les\u00f5es cerebrais.<\/p>\n\n\n\n<p>A ventila\u00e7\u00e3o mec\u00e2nica faz com que o oxig\u00eanio chegue at\u00e9 os pulm\u00f5es, facilitando a respira\u00e7\u00e3o de pessoas que est\u00e3o enfrentando dificuldades ou que perderam completamente essa capacidade. A m\u00e1quina sopra ar rico em oxig\u00eanio para dentro dos pulm\u00f5es do paciente a partir de um tubo. Uma das extremidades est\u00e1 conectada ao equipamento e outra ao corpo da pessoa que vai receber a ventila\u00e7\u00e3o.<\/p>\n\n\n\n<h2 class=\"wp-block-heading\"><\/h2>\n\n\n\n<p>Os tubos podem ser inseridos pela boca ou pelo nariz dos pacientes, mas tamb\u00e9m atrav\u00e9s de incis\u00f5es na traqueia e laringe (na regi\u00e3o do pesco\u00e7o). Em interna\u00e7\u00f5es mais curtas, \u00e9 mais prov\u00e1vel que os m\u00e9dicos optem por inserir os tubos pelo nariz ou pela boca.<\/p>\n\n\n\n<p>Nos casos em que h\u00e1 uma previs\u00e3o maior de hospitaliza\u00e7\u00e3o, pode ser que a equipe respons\u00e1vel prefira fazer a chamada traqueostomia e inserir o tubo por uma incis\u00e3o na regi\u00e3o da tranqueia, na base frontal do pesco\u00e7o. O procedimento tende a dificultar a capacidade da pessoa falar ou se alimentar pela boca. Por isso, o uso do ventilador costuma ser associado \u00e0 alimenta\u00e7\u00e3o intravenosa, pelas veias.<\/p>\n\n\n\n<p>O equipamento pode ser ajustado para se adaptar \u00e0s necessidades de cada pessoa. Assim, ele pode ser programado para respirar em determinado n\u00famero de vezes por minuto ou entrar em funcionamento somente quando a pessoa tiver dificuldades de captar o ar por conta pr\u00f3pria. Al\u00e9m de levar o ar, os ventiladores tamb\u00e9m podem, se necess\u00e1rio, remover o g\u00e1s carb\u00f4nico e outros gases residuais da respira\u00e7\u00e3o dos pulm\u00f5es do paciente.<\/p>\n\n\n\n<p>Apesar de ser necess\u00e1rio em v\u00e1rias situa\u00e7\u00f5es, como nos casos mais graves de coronav\u00edrus, o ventilador pulmonar pode trazer riscos ao paciente. Um dos maiores problemas \u00e9 a possibilidade de desenvolver pneumonia com as bact\u00e9rias chegando diretamente ao pulm\u00e3o pelo equipamento. A press\u00e3o do ar ou excesso de oxig\u00eanio podem causar danos ao pulm\u00e3o da pessoa que est\u00e1 recebendo o tratamento.<\/p>\n\n\n\n<p>Normalmente, o ventilador ser\u00e1 retirado assim que a pessoa se recupere do problema que causou a dificuldade de respirar, seja uma anestesia cir\u00fargica ou uma infec\u00e7\u00e3o. Ent\u00e3o, os tubos ser\u00e3o removidos e os m\u00e9dicos v\u00e3o avaliar a capacidade do paciente.<\/p>\n","protected":false},"excerpt":{"rendered":"<p>O ventilador pulmonar \u00e9 uma m\u00e1quina para dar suporte respirat\u00f3rio a pacientes. Segundo as informa\u00e7\u00f5es disponibilizadas pelo Instituto Nacional de Cora\u00e7\u00e3o, Pulm\u00f5es e Sangue dos&hellip; <\/p>\n","protected":false},"author":2,"featured_media":166235,"comment_status":"closed","ping_status":"closed","sticky":false,"template":"","format":"standard","meta":{"sfsi_plus_gutenberg_text_before_share":"","sfsi_plus_gutenberg_show_text_before_share":"","sfsi_plus_gutenberg_icon_type":"","sfsi_plus_gutenberg_icon_alignemt":"","sfsi_plus_gutenburg_max_per_row":"","footnotes":""},"categories":[2],"tags":[],"class_list":["post-166234","post","type-post","status-publish","format-standard","has-post-thumbnail","hentry","category-geral"],"_links":{"self":[{"href":"https:\/\/www.caririemacao.com\/1\/wp-json\/wp\/v2\/posts\/166234","targetHints":{"allow":["GET"]}}],"collection":[{"href":"https:\/\/www.caririemacao.com\/1\/wp-json\/wp\/v2\/posts"}],"about":[{"href":"https:\/\/www.caririemacao.com\/1\/wp-json\/wp\/v2\/types\/post"}],"author":[{"embeddable":true,"href":"https:\/\/www.caririemacao.com\/1\/wp-json\/wp\/v2\/users\/2"}],"replies":[{"embeddable":true,"href":"https:\/\/www.caririemacao.com\/1\/wp-json\/wp\/v2\/comments?post=166234"}],"version-history":[{"count":1,"href":"https:\/\/www.caririemacao.com\/1\/wp-json\/wp\/v2\/posts\/166234\/revisions"}],"predecessor-version":[{"id":166236,"href":"https:\/\/www.caririemacao.com\/1\/wp-json\/wp\/v2\/posts\/166234\/revisions\/166236"}],"wp:featuredmedia":[{"embeddable":true,"href":"https:\/\/www.caririemacao.com\/1\/wp-json\/wp\/v2\/media\/166235"}],"wp:attachment":[{"href":"https:\/\/www.caririemacao.com\/1\/wp-json\/wp\/v2\/media?parent=166234"}],"wp:term":[{"taxonomy":"category","embeddable":true,"href":"https:\/\/www.caririemacao.com\/1\/wp-json\/wp\/v2\/categories?post=166234"},{"taxonomy":"post_tag","embeddable":true,"href":"https:\/\/www.caririemacao.com\/1\/wp-json\/wp\/v2\/tags?post=166234"}],"curies":[{"name":"wp","href":"https:\/\/api.w.org\/{rel}","templated":true}]}}