{"id":166240,"date":"2020-04-28T08:57:32","date_gmt":"2020-04-28T11:57:32","guid":{"rendered":"https:\/\/www.caririemacao.com\/1\/?p=166240"},"modified":"2020-04-28T09:01:23","modified_gmt":"2020-04-28T12:01:23","slug":"homem-e-preso-em-sume-acusado-de-agredir-ex-companheira","status":"publish","type":"post","link":"https:\/\/www.caririemacao.com\/1\/2020\/04\/28\/homem-e-preso-em-sume-acusado-de-agredir-ex-companheira\/","title":{"rendered":"Homem \u00e9 preso em Sum\u00e9 acusado de agredir ex-companheira"},"content":{"rendered":"\n<p><a href=\"https:\/\/www.facebook.com\/sharer.php?u=https%3A%2F%2Fwww.vitrinedocariri.com.br%2F2020%2F04%2Fhomem-e-preso-em-sume-acusado-de-agredir-ex-companheira%2F\" target=\"_blank\" rel=\"noreferrer noopener\"><\/a><a href=\"https:\/\/twitter.com\/share?url=https%3A%2F%2Fwww.vitrinedocariri.com.br%2F2020%2F04%2Fhomem-e-preso-em-sume-acusado-de-agredir-ex-companheira%2F&amp;text=Acabei%20de%20ver%20Homem%20%C3%A9%20preso%20em%20Sum%C3%A9%20acusado%20de%20agredir%20ex-companheira%20-%20Clique%20para%20ver%20tamb%C3%A9m%20%E2%98%9B%20\" target=\"_blank\" rel=\"noreferrer noopener\"><\/a><a href=\"\/\/send?text=Homem%20%C3%A9%20preso%20em%20Sum%C3%A9%20acusado%20de%20agredir%20ex-companheira%20%E2%98%9B%20https%3A%2F%2Fwww.vitrinedocariri.com.br%2F2020%2F04%2Fhomem-e-preso-em-sume-acusado-de-agredir-ex-companheira%2F\" target=\"_blank\" rel=\"noreferrer noopener\"><\/a><a href=\"javascript:void(0);\"><\/a><\/p>\n\n\n\n<p><\/p>\n\n\n\n<p>Um homem acusado de praticar viol\u00eancia dom\u00e9stica foi preso nesta segunda-feira (27) durante a\u00e7\u00e3o da Pol\u00edcia Civil.<\/p>\n\n\n\n<p>O preso possui 45 anos de idade e teve o nome legalmente preservado pela Pol\u00edcia Civil. Ele foi localizado na cidade de Sum\u00e9, no interior da Para\u00edba, por equipes da Delegacia Seccional de Monteiro.<\/p>\n\n\n\n<p>O homem teve a pris\u00e3o decretada pela Justi\u00e7a, ap\u00f3s ap\u00f3s den\u00fancias de agress\u00f5es praticadas contra uma ex-companheira, durante uma briga ocorrida no ano passado.<\/p>\n\n\n\n<p>A pris\u00e3o faz parte das a\u00e7\u00f5es integradas entre a Delegacia Seccional de Monteiro e Delegacia de Atendimento \u00e0 Mulher de Monteiro de combate \u00e0 viol\u00eancia dom\u00e9stica na regi\u00e3o.<\/p>\n\n\n\n<p>Ap\u00f3s ser conduzido \u00e0 delegacia, o homem foi submetido a exame de corpo de delito e encaminhado para carceragem. Em seguida, ser\u00e1 apresentado \u00e0 Justi\u00e7a.<\/p>\n","protected":false},"excerpt":{"rendered":"<p>Um homem acusado de praticar viol\u00eancia dom\u00e9stica foi preso nesta segunda-feira (27) durante a\u00e7\u00e3o da Pol\u00edcia Civil. O preso possui 45 anos de idade e&hellip; <\/p>\n","protected":false},"author":2,"featured_media":41593,"comment_status":"closed","ping_status":"closed","sticky":false,"template":"","format":"standard","meta":{"sfsi_plus_gutenberg_text_before_share":"","sfsi_plus_gutenberg_show_text_before_share":"","sfsi_plus_gutenberg_icon_type":"","sfsi_plus_gutenberg_icon_alignemt":"","sfsi_plus_gutenburg_max_per_row":"","footnotes":""},"categories":[12],"tags":[],"class_list":["post-166240","post","type-post","status-publish","format-standard","has-post-thumbnail","hentry","category-policia"],"_links":{"self":[{"href":"https:\/\/www.caririemacao.com\/1\/wp-json\/wp\/v2\/posts\/166240","targetHints":{"allow":["GET"]}}],"collection":[{"href":"https:\/\/www.caririemacao.com\/1\/wp-json\/wp\/v2\/posts"}],"about":[{"href":"https:\/\/www.caririemacao.com\/1\/wp-json\/wp\/v2\/types\/post"}],"author":[{"embeddable":true,"href":"https:\/\/www.caririemacao.com\/1\/wp-json\/wp\/v2\/users\/2"}],"replies":[{"embeddable":true,"href":"https:\/\/www.caririemacao.com\/1\/wp-json\/wp\/v2\/comments?post=166240"}],"version-history":[{"count":3,"href":"https:\/\/www.caririemacao.com\/1\/wp-json\/wp\/v2\/posts\/166240\/revisions"}],"predecessor-version":[{"id":166247,"href":"https:\/\/www.caririemacao.com\/1\/wp-json\/wp\/v2\/posts\/166240\/revisions\/166247"}],"wp:featuredmedia":[{"embeddable":true,"href":"https:\/\/www.caririemacao.com\/1\/wp-json\/wp\/v2\/media\/41593"}],"wp:attachment":[{"href":"https:\/\/www.caririemacao.com\/1\/wp-json\/wp\/v2\/media?parent=166240"}],"wp:term":[{"taxonomy":"category","embeddable":true,"href":"https:\/\/www.caririemacao.com\/1\/wp-json\/wp\/v2\/categories?post=166240"},{"taxonomy":"post_tag","embeddable":true,"href":"https:\/\/www.caririemacao.com\/1\/wp-json\/wp\/v2\/tags?post=166240"}],"curies":[{"name":"wp","href":"https:\/\/api.w.org\/{rel}","templated":true}]}}