{"id":166249,"date":"2020-04-28T09:08:51","date_gmt":"2020-04-28T12:08:51","guid":{"rendered":"https:\/\/www.caririemacao.com\/1\/?p=166249"},"modified":"2020-04-28T09:08:51","modified_gmt":"2020-04-28T12:08:51","slug":"bolsonaro-oficializa-indicacoes-para-a-policia-federal-e-ministerio-da-justica","status":"publish","type":"post","link":"https:\/\/www.caririemacao.com\/1\/2020\/04\/28\/bolsonaro-oficializa-indicacoes-para-a-policia-federal-e-ministerio-da-justica\/","title":{"rendered":"Bolsonaro oficializa indica\u00e7\u00f5es para a Pol\u00edcia Federal e Minist\u00e9rio da Justi\u00e7a"},"content":{"rendered":"\n<p><img decoding=\"async\" data-srcset=\"https:\/\/paraibaonline.com.br\/wp-content\/uploads\/2020\/04\/montagem2804.jpg 892w, https:\/\/paraibaonline.com.br\/wp-content\/uploads\/2020\/04\/montagem2804-567x381.jpg 567w\" data-src=\"https:\/\/paraibaonline.com.br\/wp-content\/uploads\/2020\/04\/montagem2804.jpg\" alt=\"Para\u00edba Online \u2022 Bolsonaro oficializa indica\u00e7\u00f5es para a Pol\u00edcia Federal e Minist\u00e9rio da Justi\u00e7a\" src=\"data:image\/svg+xml;base64,PHN2ZyB3aWR0aD0iMSIgaGVpZ2h0PSIxIiB4bWxucz0iaHR0cDovL3d3dy53My5vcmcvMjAwMC9zdmciPjwvc3ZnPg==\" class=\"lazyload\"><\/p>\n\n\n\n<p><\/p>\n\n\n\n<p>O presidente Jair Bolsonaro (sem partido) nomeou nesta ter\u00e7a-feira (28) o advogado Andr\u00e9 de Almeida Mendon\u00e7a para o comando do Minist\u00e9rio da Justi\u00e7a, na vaga deixada pelo ex-juiz federal Sergio Moro, que deixou o cargo na semana passada ao acusar o presidente de interfer\u00eancias na Pol\u00edcia Federal.<\/p>\n\n\n\n<p>A nomea\u00e7\u00e3o de Mendon\u00e7a foi publicada no \u201cDi\u00e1rio Oficial da Uni\u00e3o\u201d, assim como a nomea\u00e7\u00e3o do delegado Alexandre Ramagem, amigo dos filhos do presidente, para o comando da Pol\u00edcia Federal.<\/p>\n\n\n\n<p>Na segunda-feira (27), a Folha de S.Paulo antecipou que Mendon\u00e7a, que estava \u00e0 frente da AGU (Advocacia Geral da Uni\u00e3o), havia sido convidado pelo presidente para substituir o ex-juiz federal Sergio Moro.<\/p>\n\n\n\n<p>Para o lugar de Mendon\u00e7a na AGU, Bolsonaro oficializou o atual procurador-geral da Fazenda, Jos\u00e9 Levi do Amaral, nome apoiado pelo ministro da Economia, Paulo Guedes.<\/p>\n\n\n\n<p>O novo ministro da Justi\u00e7a, que tamb\u00e9m \u00e9 pastor da Igreja Presbiteriana Esperan\u00e7a de Bras\u00edlia, integrava a AGU desde 2000, quando encerrou sua atividade como advogado concursado da Petrobras (1997-2000).<\/p>\n\n\n\n<p>Ele foi corregedor da AGU na gest\u00e3o de Fabio Medina Os\u00f3rio, no governo Michel Temer. Mendon\u00e7a chegou ao governo Bolsonaro por indica\u00e7\u00e3o do ministro da CGU (Controladoria Geral da Uni\u00e3o), Wagner Ros\u00e1rio, com o apoio da bancada evang\u00e9lica.<\/p>\n\n\n\n<p>A sua transfer\u00eancia para a Justi\u00e7a teve o apoio da c\u00fapula militar e a articula\u00e7\u00e3o do presidente do STF (Supremo Tribunal Federal), Jos\u00e9 Dias Toffoli. A expectativa agora \u00e9 a de que ele melhore a rela\u00e7\u00e3o de Bolsonaro com o Poder Judici\u00e1rio.<\/p>\n\n\n\n<p>A transfer\u00eancia de Mendon\u00e7a fortalece a indica\u00e7\u00e3o de seu nome para uma das duas vagas a que Bolsonaro ter\u00e1 direito de preencher no STF. O presidente j\u00e1 disse que considera o ministro, a quem se referiu como \u201cterrivelmente evang\u00e9lico\u201d, a um dos postos.<\/p>\n\n\n\n<p>A indica\u00e7\u00e3o atenderia a um apelo da bancada evang\u00e9lica, que pediu ao presidente que um representante deles ocupe um cargo no Supremo, na tentativa de tornar o perfil da corte mais conservador.<\/p>\n\n\n\n<p>Pelo crit\u00e9rio de aposentadoria compuls\u00f3ria aos 75 anos dos ministros do Supremo, as pr\u00f3ximas vagas ser\u00e3o as de Celso de Mello, em novembro deste ano, e Marco Aur\u00e9lio Mello, em julho de 2021. O presidente indica o nome, que deve ser aprovado em seguida pelo Senado.<\/p>\n\n\n\n<p>Mendon\u00e7a conheceu Bolsonaro em 21 de novembro de 2018, no mesmo dia em que foi escolhido para comandar a AGU. A conversa, no gabinete da transi\u00e7\u00e3o no CCBB (Centro Cultural Banco do Brasil) de Bras\u00edlia, durou cerca de 40 minutos.<\/p>\n\n\n\n<p>O ent\u00e3o presidente eleito nada perguntou. Os questionamentos ficaram a cargo do general Augusto Heleno, que assumiria o GSI (Gabinete de Seguran\u00e7a Institucional), e de Jorge Oliveira, hoje ministro da Secretaria-Geral da Presid\u00eancia \u2013respons\u00e1vel por analisar o curr\u00edculo de Mendon\u00e7a e apresent\u00e1-lo ao chefe.<\/p>\n\n\n\n<p>Mendon\u00e7a costuma dizer que \u201cmais do que falar, voc\u00ea precisa ouvir para entender a realidade\u201d. Naquele dia, no entanto, ele fez um \u201cbom jockey\u201d, disse Bolsonaro, para em seguida explicar: \u201cNa \u00e1rea militar, quando um cara est\u00e1 indo bem, a gente diz que est\u00e1 em um bom jockey. Pode continuar!\u201d.<\/p>\n\n\n\n<p>Conhecido pelo perfil t\u00e9cnico, Mendon\u00e7a fez \u00e0 ocasi\u00e3o uma aprofundada an\u00e1lise pol\u00edtica da elei\u00e7\u00e3o de Bolsonaro e seu significado para os rumos do pa\u00eds.<\/p>\n\n\n\n<p>O futuro AGU disse ao presidente eleito que, como ele havia se proposto a governar na contram\u00e3o do presidencialismo de coaliz\u00e3o, construindo uma nova forma de di\u00e1logo e relacionamento com o Congresso, enfrentaria um per\u00edodo de maior resist\u00eancia da chamada pol\u00edtica tradicional.<\/p>\n\n\n\n<p>Com a nomea\u00e7\u00e3o de Mendon\u00e7a, a tend\u00eancia \u00e9 a de que Bolsonaro fa\u00e7a uma cis\u00e3o no Minist\u00e9rio da Justi\u00e7a e recrie a pasta da Seguran\u00e7a P\u00fablica.<\/p>\n\n\n\n<p>Neste caso, a expectativa de assessores do presidente \u00e9 que ele nomeie o secret\u00e1rio de seguran\u00e7a p\u00fablica do Distrito Federal, Anderson Oliveira, para a fun\u00e7\u00e3o. Anderson conta com o apoio do ex-deputado federal Alberto Fraga (DEM-DF), amigo de Bolsonaro.<\/p>\n\n\n\n<p>J\u00e1 o novo diretor-geral da Pol\u00edcia Federal era diretor-geral da Abin (Ag\u00eancia Brasileira de Intelig\u00eancia) e \u00e9 homem de confian\u00e7a do presidente e de seus filhos.<\/p>\n\n\n\n<p>Delegado de carreira da Pol\u00edcia Federal, Ramagem se aproximou da fam\u00edlia Bolsonaro durante a campanha de 2018, quando comandou a seguran\u00e7a do ent\u00e3o candidato a presidente.<\/p>\n\n\n\n<p>O vereador Carlos Bolsonaro (Republicanos-RJ) \u00e9 um dos seus principais fiadores e esteve diretamente \u00e0 frente da decis\u00e3o que o levou ao comando da ag\u00eancia de intelig\u00eancia em junho passado.<\/p>\n\n\n\n<p>O aval do \u201cfilho 02\u201d foi conquistado durante a crise pol\u00edtica que levou \u00e0 sa\u00edda do ent\u00e3o ministro da Secretaria de Governo, general Carlos Santos Cruz. Ramagem atuava como assessor especial da pasta e se manteve fiel \u00e0 fam\u00edlia. Santos Cruz caiu ap\u00f3s ataques do chamado \u201cgabinete do \u00f3dio\u201d comandado por Carlos.<\/p>\n\n\n\n<p>Carlos \u00e9 investigado pela PF, conforme revelou a Folha no s\u00e1bado (25), como um dos articuladores de um esquema criminoso para espalhar fake news. Bolsonaro quer Ramagem \u00e0 frente da corpora\u00e7\u00e3o que apura a conduta do pr\u00f3prio filho.<\/p>\n\n\n\n<p>Neste domingo (26), o presidente respondeu a uma seguidora nas redes sociais que questionou a rela\u00e7\u00e3o de amizade de Ramagem com os filhos. \u201cE da\u00ed? Antes de conhecer meus filhos eu conheci o Ramagem. Por isso, deve ser vetado? Devo escolher algu\u00e9m amigo de quem?\u201d, escreveu Bolsonaro.<\/p>\n\n\n\n<p>O deputado federal Marcelo Freixo (PSOL-RJ) ir\u00e1 ingressar com a\u00e7\u00e3o na Justi\u00e7a Federal do Distrito Federal para anular a nomea\u00e7\u00e3o de Ramagem do cargo de diretor-geral da PF. \u201cO objetivo de Bolsonaro ao nomear Ramagem, um amigo \u00edntimo da fam\u00edlia, para o comando da Pol\u00edcia Federal \u00e9 controlar e transformar a institui\u00e7\u00e3o numa pol\u00edcia pol\u00edtica a seu servi\u00e7o\u201d, afirmou.<\/p>\n\n\n\n<p>J\u00e1 o MBL ingressou com uma a\u00e7\u00e3o popular que pede a suspens\u00e3o da nomea\u00e7\u00e3o de Ramagem. O deputado federal Kim Kataguiri (DEM-SP), um dos coordenadores do grupo, critica a inten\u00e7\u00e3o de Bolsonaro de usar o cargo para fins pessoais. \u201cA a\u00e7\u00e3o se baseia na viola\u00e7\u00e3o do princ\u00edpio da moralidade\u201d, disse ele.<\/p>\n\n\n\n<p>Delegado da Pol\u00edcia Federal desde 2005, Ramagem comandou, de 2013 a 2014, a Divis\u00e3o de Administra\u00e7\u00e3o de Recursos Humanos e a de Estudos, Legisla\u00e7\u00f5es e Pareceres, de 2016 a 2017.<\/p>\n\n\n\n<p>Atuou ainda na coordena\u00e7\u00e3o de grandes eventos realizados no pa\u00eds nos \u00faltimos anos, como a Confer\u00eancia das Na\u00e7\u00f5es Unidas Rio+20 (2012), a Copa das Confedera\u00e7\u00f5es (2013), a Copa do Mundo (2014) e a Olimp\u00edada do Rio (2016).<\/p>\n\n\n\n<p>Em 2017, Ramagem integrou a equipe respons\u00e1vel pela investiga\u00e7\u00e3o e intelig\u00eancia de pol\u00edcia judici\u00e1ria na Opera\u00e7\u00e3o Lava Jato. Em uma das a\u00e7\u00f5es que comandou, a Opera\u00e7\u00e3o Cadeia Velha, ocorreu a pris\u00e3o de integrantes da c\u00fapula da Assembleia Legislativa do Rio de Janeiro).<\/p>\n\n\n\n<p>Em 2018, antes de atuar na seguran\u00e7a de Bolsonaro, assumiu a Coordena\u00e7\u00e3o de Recursos Humanos da Pol\u00edcia Federal, na condi\u00e7\u00e3o de substituto. Ap\u00f3s a elei\u00e7\u00e3o, em janeiro de 2019, foi para Secretaria de Governo e, de l\u00e1, para a Abin.<\/p>\n","protected":false},"excerpt":{"rendered":"<p>O presidente Jair Bolsonaro (sem partido) nomeou nesta ter\u00e7a-feira (28) o advogado Andr\u00e9 de Almeida Mendon\u00e7a para o comando do Minist\u00e9rio da Justi\u00e7a, na vaga&hellip; <\/p>\n","protected":false},"author":2,"featured_media":166250,"comment_status":"closed","ping_status":"closed","sticky":false,"template":"","format":"standard","meta":{"sfsi_plus_gutenberg_text_before_share":"","sfsi_plus_gutenberg_show_text_before_share":"","sfsi_plus_gutenberg_icon_type":"","sfsi_plus_gutenberg_icon_alignemt":"","sfsi_plus_gutenburg_max_per_row":"","footnotes":""},"categories":[11],"tags":[],"class_list":["post-166249","post","type-post","status-publish","format-standard","has-post-thumbnail","hentry","category-politica"],"_links":{"self":[{"href":"https:\/\/www.caririemacao.com\/1\/wp-json\/wp\/v2\/posts\/166249","targetHints":{"allow":["GET"]}}],"collection":[{"href":"https:\/\/www.caririemacao.com\/1\/wp-json\/wp\/v2\/posts"}],"about":[{"href":"https:\/\/www.caririemacao.com\/1\/wp-json\/wp\/v2\/types\/post"}],"author":[{"embeddable":true,"href":"https:\/\/www.caririemacao.com\/1\/wp-json\/wp\/v2\/users\/2"}],"replies":[{"embeddable":true,"href":"https:\/\/www.caririemacao.com\/1\/wp-json\/wp\/v2\/comments?post=166249"}],"version-history":[{"count":1,"href":"https:\/\/www.caririemacao.com\/1\/wp-json\/wp\/v2\/posts\/166249\/revisions"}],"predecessor-version":[{"id":166251,"href":"https:\/\/www.caririemacao.com\/1\/wp-json\/wp\/v2\/posts\/166249\/revisions\/166251"}],"wp:featuredmedia":[{"embeddable":true,"href":"https:\/\/www.caririemacao.com\/1\/wp-json\/wp\/v2\/media\/166250"}],"wp:attachment":[{"href":"https:\/\/www.caririemacao.com\/1\/wp-json\/wp\/v2\/media?parent=166249"}],"wp:term":[{"taxonomy":"category","embeddable":true,"href":"https:\/\/www.caririemacao.com\/1\/wp-json\/wp\/v2\/categories?post=166249"},{"taxonomy":"post_tag","embeddable":true,"href":"https:\/\/www.caririemacao.com\/1\/wp-json\/wp\/v2\/tags?post=166249"}],"curies":[{"name":"wp","href":"https:\/\/api.w.org\/{rel}","templated":true}]}}