{"id":166261,"date":"2020-04-28T09:35:01","date_gmt":"2020-04-28T12:35:01","guid":{"rendered":"https:\/\/www.caririemacao.com\/1\/?p=166261"},"modified":"2020-04-28T09:35:01","modified_gmt":"2020-04-28T12:35:01","slug":"prefeitura-de-sao-jose-dos-cordeiros-confirma-que-dois-pacientes-suspeitos-testaram-negativo-para-a-covid-19","status":"publish","type":"post","link":"https:\/\/www.caririemacao.com\/1\/2020\/04\/28\/prefeitura-de-sao-jose-dos-cordeiros-confirma-que-dois-pacientes-suspeitos-testaram-negativo-para-a-covid-19\/","title":{"rendered":"Prefeitura de S\u00e3o Jos\u00e9 dos Cordeiros confirma que dois pacientes suspeitos testaram negativo para a Covid-19"},"content":{"rendered":"\n<p>Uma boa not\u00edcia para a popula\u00e7\u00e3o de S\u00e3o Jos\u00e9 dos Cordeiros foi confirmada pela secret\u00e1ria de sa\u00fade, Petruska Bezerra. Ap\u00f3s o munic\u00edpio receber a notifica\u00e7\u00e3o de dois casos suspeitos da Covid-19, testes r\u00e1pidos realizados nos pacientes mostraram que eles n\u00e3o est\u00e3o com a doen\u00e7a e sim com uma s\u00edndrome gripal.<\/p>\n\n\n\n<p>Segundo a auxiliar da pasta da sa\u00fade, os pacientes foram atendidos no Hospital de Serra Branca e na pr\u00f3pria unidade fizeram testes r\u00e1pidos, que foram enviados pelo Governo do Estado. Os resultados saem quase que imediatamente tendo em vista se tratar de testes r\u00e1pidos.<\/p>\n\n\n\n<p>Petruska Bezerra informou que ainda assim a equipe m\u00e9dica orientou os pacientes a ficarem em quarentena, em casa, n\u00e3o apenas para se recuperar da gripe, como para evitar o cont\u00e1gio coletivo. \u201cEstamos contando com a colabora\u00e7\u00e3o da popula\u00e7\u00e3o e precisamos est\u00e1 ainda mais vigilantes nessas pr\u00f3ximas semanas. Os casos t\u00eam aumentado no Estado e nossa disponibilidade de UTI\u2019s est\u00e1 diminuindo, o que refor\u00e7a a necessidade de ficarmos em casa, utilizarmos m\u00e1scaras e continuarmos sem casos confirmados em nosso territ\u00f3rio\u201d, destacou.<\/p>\n","protected":false},"excerpt":{"rendered":"<p>Uma boa not\u00edcia para a popula\u00e7\u00e3o de S\u00e3o Jos\u00e9 dos Cordeiros foi confirmada pela secret\u00e1ria de sa\u00fade, Petruska Bezerra. Ap\u00f3s o munic\u00edpio receber a notifica\u00e7\u00e3o&hellip; <\/p>\n","protected":false},"author":2,"featured_media":166262,"comment_status":"closed","ping_status":"closed","sticky":false,"template":"","format":"standard","meta":{"sfsi_plus_gutenberg_text_before_share":"","sfsi_plus_gutenberg_show_text_before_share":"","sfsi_plus_gutenberg_icon_type":"","sfsi_plus_gutenberg_icon_alignemt":"","sfsi_plus_gutenburg_max_per_row":"","footnotes":""},"categories":[6],"tags":[],"class_list":["post-166261","post","type-post","status-publish","format-standard","has-post-thumbnail","hentry","category-cidades"],"_links":{"self":[{"href":"https:\/\/www.caririemacao.com\/1\/wp-json\/wp\/v2\/posts\/166261","targetHints":{"allow":["GET"]}}],"collection":[{"href":"https:\/\/www.caririemacao.com\/1\/wp-json\/wp\/v2\/posts"}],"about":[{"href":"https:\/\/www.caririemacao.com\/1\/wp-json\/wp\/v2\/types\/post"}],"author":[{"embeddable":true,"href":"https:\/\/www.caririemacao.com\/1\/wp-json\/wp\/v2\/users\/2"}],"replies":[{"embeddable":true,"href":"https:\/\/www.caririemacao.com\/1\/wp-json\/wp\/v2\/comments?post=166261"}],"version-history":[{"count":1,"href":"https:\/\/www.caririemacao.com\/1\/wp-json\/wp\/v2\/posts\/166261\/revisions"}],"predecessor-version":[{"id":166263,"href":"https:\/\/www.caririemacao.com\/1\/wp-json\/wp\/v2\/posts\/166261\/revisions\/166263"}],"wp:featuredmedia":[{"embeddable":true,"href":"https:\/\/www.caririemacao.com\/1\/wp-json\/wp\/v2\/media\/166262"}],"wp:attachment":[{"href":"https:\/\/www.caririemacao.com\/1\/wp-json\/wp\/v2\/media?parent=166261"}],"wp:term":[{"taxonomy":"category","embeddable":true,"href":"https:\/\/www.caririemacao.com\/1\/wp-json\/wp\/v2\/categories?post=166261"},{"taxonomy":"post_tag","embeddable":true,"href":"https:\/\/www.caririemacao.com\/1\/wp-json\/wp\/v2\/tags?post=166261"}],"curies":[{"name":"wp","href":"https:\/\/api.w.org\/{rel}","templated":true}]}}