{"id":166265,"date":"2020-04-28T09:45:27","date_gmt":"2020-04-28T12:45:27","guid":{"rendered":"https:\/\/www.caririemacao.com\/1\/?p=166265"},"modified":"2020-04-28T09:45:27","modified_gmt":"2020-04-28T12:45:27","slug":"coronavirus-sobrecarga-psicologica-e-pior-para-mulheres","status":"publish","type":"post","link":"https:\/\/www.caririemacao.com\/1\/2020\/04\/28\/coronavirus-sobrecarga-psicologica-e-pior-para-mulheres\/","title":{"rendered":"Coronav\u00edrus: sobrecarga psicol\u00f3gica \u00e9 pior para mulheres"},"content":{"rendered":"\n<p>A ansiedade e o estresse que acompanham a pandemia do novo coronav\u00edrus t\u00eam impactado a sa\u00fade mental das pessoas em todo o mundo, mas novos estudos revelam que as mulheres s\u00e3o as que mais sofrem com a sobrecarga psicol\u00f3gica causada pela crise.<\/p>\n\n\n\n<p>A preocupa\u00e7\u00e3o em n\u00e3o se contaminar e garantir o equil\u00edbrio da situa\u00e7\u00e3o financeira da fam\u00edlia enquanto trabalham e cuidam dos filhos fez escalar o n\u00famero de homens e mulheres que relataram algum tipo de abalo psicol\u00f3gico desde o in\u00edcio de mar\u00e7o.<\/p>\n\n\n\n<p>A discrep\u00e2ncia dos dados entre eles e elas, por\u00e9m, chama a aten\u00e7\u00e3o de especialistas, que avaliam que o aumento vigoroso dos n\u00edveis de ansiedade pode gerar problemas ainda mais graves na sociedade p\u00f3s-pandemia.<\/p>\n\n\n\n<p>Pesquisa da Kaiser Family Foundation mostra que 32% dos adultos nos Estados Unidos diziam, no meio de mar\u00e7o, que a inquieta\u00e7\u00e3o e o estresse com o coronav\u00edrus impactaram de forma negativa sua sa\u00fade mental. Duas semanas depois, esse n\u00famero saltou para 45%.<\/p>\n\n\n\n<p>No primeiro momento, quando a pandemia ainda n\u00e3o havia chegado em seu pico em diversos pa\u00edses, eram 36% as mulheres que reportavam impacto em sua sa\u00fade mental ante 27% dos homens.<\/p>\n\n\n\n<p>No fim de mar\u00e7o, a pesquisa mostra que entre as mulheres o choque foi maior: 53% delas afirmaram que tiveram o emocional abalado de alguma, enquanto 37% dos homens tiveram a mesma percep\u00e7\u00e3o na \u00e9poca.<\/p>\n\n\n\n<p>A psic\u00f3loga Maryam Abdullah, da Universidade da Calif\u00f3rnia, em Berkeley, afirma que as taxas de ansiedade entre as mulheres eram mais altas que as dos homens mesmo antes da pandemia e que o cen\u00e1rio acaba ressaltado em temporadas de crise \u2013e deve piorar.<\/p>\n\n\n\n<p>Na maioria das fam\u00edlias, ela explica, as mulheres acumulam diferentes atividades e t\u00eam maior senso de responsabilidade e cuidado do que os homens.<\/p>\n\n\n\n<p>\u201cEssa \u00e9 uma tend\u00eancia. A pandemia destaca as diferen\u00e7as entre g\u00eanero, ra\u00e7a, classe social e outras caracter\u00edsticas da nossa sociedade. Obviamente as mulheres est\u00e3o cuidando das crian\u00e7as, trabalhando, e muitas delas s\u00e3o chefes de fam\u00edlias. Ter que lidar com essas responsabilidades sem o suporte para cuidar de seus filhos ou delas mesmas gera sobrecarga\u201d, diz Abdullah.<\/p>\n\n\n\n<p>A rede de apoio externa, que pode envolver escola, creche ou mesmo amigos e parentes que costumam auxiliar a cuidar das crian\u00e7as, foi suprimida com a pandemia, o que escancarou as discrep\u00e2ncias dom\u00e9sticas.<\/p>\n\n\n\n<p>Em casas com filhos menores de 18 anos, por exemplo, a pesquisa da KFF mostra que a diferen\u00e7a entre homens e mulheres que relataram abalo emocional em mar\u00e7o passou de 5 para 25 pontos percentuais em duas semanas.<\/p>\n\n\n\n<p>No fim de mar\u00e7o, 57% das m\u00e3es disseram sentir piora na sa\u00fade mental, ante 32% dos pais. Na quinzena anterior, eram 36% das mulheres e 31% dos homens.<\/p>\n\n\n\n<p>A especialista afirma que h\u00e1 diferentes raz\u00f5es para o abismo que marca a din\u00e2mica de pais e m\u00e3es na maioria das fam\u00edlias. Ela pondera que muitos homens tentam e querem ajudar, mas que as atividades dom\u00e9sticas s\u00e3o, no geral, concentradas nas mulheres.<\/p>\n\n\n\n<p>No caso das m\u00e3es com beb\u00eas ou crian\u00e7as pequenas, h\u00e1 uma demanda natural pela figura materna, principalmente durante o per\u00edodo de amamenta\u00e7\u00e3o. No entanto, quando os filhos est\u00e3o mais velhos, a mulher continua sendo o agente priorit\u00e1rio, que os leva \u00e0 escola, desmarca ou marca compromissos e ajuda no dever de casa.<\/p>\n\n\n\n<p>\u201cS\u00e3o tempos sem precedentes e, \u00e0s vezes, as mulheres s\u00f3 pensam: \u2018vou resolver isso, cuidar disso, terminar aquilo\u2019 e chegam no limite. Elas precisam falar: \u2018isso \u00e9 o que eu consigo fazer, voc\u00ea pode me ajudar com aquilo?&#8217;\u201d<\/p>\n\n\n\n<p>Os pais e m\u00e3es representam um ter\u00e7o da for\u00e7a de trabalho nos Estados Unidos e uma das preocupa\u00e7\u00f5es dos especialistas \u00e9 que esse n\u00edvel de estresse pode fazer com que as pessoas estejam \u00e0 beira do esgotamento mental quando voltarem \u00e0 rotina de seus empregos.<\/p>\n\n\n\n<p>As consequ\u00eancias f\u00edsicas e econ\u00f4micas da crise do coronav\u00edrus parecem mais claras at\u00e9 aqui, mas especialistas afirmam que o impacto na sa\u00fade mental n\u00e3o pode ser ignorado.<\/p>\n\n\n\n<p>Abdullah diz que \u00e9 preciso criar mecanismos para tentar lidar com o per\u00edodo que est\u00e1 por vir. A primeira coisa a fazer, explica, \u00e9 parar de acumular fun\u00e7\u00f5es e se permitir ter consci\u00eancia de seus medos e inseguran\u00e7as.<\/p>\n\n\n\n<p>\u201cA pandemia \u00e9 uma das grandes transi\u00e7\u00f5es da nossa sociedade. Precisamos desenvolver estrat\u00e9gias para chegar at\u00e9 o outro lado sem a ansiedade de n\u00e3o saber como o novo normal ser\u00e1.\u201d<\/p>\n","protected":false},"excerpt":{"rendered":"<p>A ansiedade e o estresse que acompanham a pandemia do novo coronav\u00edrus t\u00eam impactado a sa\u00fade mental das pessoas em todo o mundo, mas novos&hellip; <\/p>\n","protected":false},"author":2,"featured_media":166266,"comment_status":"closed","ping_status":"closed","sticky":false,"template":"","format":"standard","meta":{"sfsi_plus_gutenberg_text_before_share":"","sfsi_plus_gutenberg_show_text_before_share":"","sfsi_plus_gutenberg_icon_type":"","sfsi_plus_gutenberg_icon_alignemt":"","sfsi_plus_gutenburg_max_per_row":"","footnotes":""},"categories":[16],"tags":[],"class_list":["post-166265","post","type-post","status-publish","format-standard","has-post-thumbnail","hentry","category-saude"],"_links":{"self":[{"href":"https:\/\/www.caririemacao.com\/1\/wp-json\/wp\/v2\/posts\/166265","targetHints":{"allow":["GET"]}}],"collection":[{"href":"https:\/\/www.caririemacao.com\/1\/wp-json\/wp\/v2\/posts"}],"about":[{"href":"https:\/\/www.caririemacao.com\/1\/wp-json\/wp\/v2\/types\/post"}],"author":[{"embeddable":true,"href":"https:\/\/www.caririemacao.com\/1\/wp-json\/wp\/v2\/users\/2"}],"replies":[{"embeddable":true,"href":"https:\/\/www.caririemacao.com\/1\/wp-json\/wp\/v2\/comments?post=166265"}],"version-history":[{"count":1,"href":"https:\/\/www.caririemacao.com\/1\/wp-json\/wp\/v2\/posts\/166265\/revisions"}],"predecessor-version":[{"id":166267,"href":"https:\/\/www.caririemacao.com\/1\/wp-json\/wp\/v2\/posts\/166265\/revisions\/166267"}],"wp:featuredmedia":[{"embeddable":true,"href":"https:\/\/www.caririemacao.com\/1\/wp-json\/wp\/v2\/media\/166266"}],"wp:attachment":[{"href":"https:\/\/www.caririemacao.com\/1\/wp-json\/wp\/v2\/media?parent=166265"}],"wp:term":[{"taxonomy":"category","embeddable":true,"href":"https:\/\/www.caririemacao.com\/1\/wp-json\/wp\/v2\/categories?post=166265"},{"taxonomy":"post_tag","embeddable":true,"href":"https:\/\/www.caririemacao.com\/1\/wp-json\/wp\/v2\/tags?post=166265"}],"curies":[{"name":"wp","href":"https:\/\/api.w.org\/{rel}","templated":true}]}}