{"id":166269,"date":"2020-04-28T09:51:44","date_gmt":"2020-04-28T12:51:44","guid":{"rendered":"https:\/\/www.caririemacao.com\/1\/?p=166269"},"modified":"2020-04-28T09:51:44","modified_gmt":"2020-04-28T12:51:44","slug":"prefeitura-de-sao-sebastiao-do-umbuzeiro-adia-campanha-de-vacinacao","status":"publish","type":"post","link":"https:\/\/www.caririemacao.com\/1\/2020\/04\/28\/prefeitura-de-sao-sebastiao-do-umbuzeiro-adia-campanha-de-vacinacao\/","title":{"rendered":"Prefeitura de S\u00e3o Sebasti\u00e3o do Umbuzeiro adia campanha de vacina\u00e7\u00e3o"},"content":{"rendered":"\n<p>A Prefeitura Municipal de S\u00e3o Sebasti\u00e3o do Umbuzeiro, emitiu uma nota em informa aos criadores de Bovinos, que a campanha de vacina\u00e7\u00e3o contra a Febre Aftosa, foi adiada para o m\u00eas de Junho (01 a 30) de 2020.<\/p>\n\n\n\n<p><br>Maiores informa\u00e7\u00f5es na secretaria da agricultura.<br>Atenciosamento Prefeitura Municipal de S\u00e3o Sebasti\u00e3o do Umbuzeiro PB<\/p>\n","protected":false},"excerpt":{"rendered":"<p>A Prefeitura Municipal de S\u00e3o Sebasti\u00e3o do Umbuzeiro, emitiu uma nota em informa aos criadores de Bovinos, que a campanha de vacina\u00e7\u00e3o contra a Febre&hellip; <\/p>\n","protected":false},"author":1,"featured_media":166270,"comment_status":"closed","ping_status":"closed","sticky":false,"template":"","format":"standard","meta":{"sfsi_plus_gutenberg_text_before_share":"","sfsi_plus_gutenberg_show_text_before_share":"","sfsi_plus_gutenberg_icon_type":"","sfsi_plus_gutenberg_icon_alignemt":"","sfsi_plus_gutenburg_max_per_row":"","footnotes":""},"categories":[6,50],"tags":[],"class_list":["post-166269","post","type-post","status-publish","format-standard","has-post-thumbnail","hentry","category-cidades","category-destaque"],"_links":{"self":[{"href":"https:\/\/www.caririemacao.com\/1\/wp-json\/wp\/v2\/posts\/166269","targetHints":{"allow":["GET"]}}],"collection":[{"href":"https:\/\/www.caririemacao.com\/1\/wp-json\/wp\/v2\/posts"}],"about":[{"href":"https:\/\/www.caririemacao.com\/1\/wp-json\/wp\/v2\/types\/post"}],"author":[{"embeddable":true,"href":"https:\/\/www.caririemacao.com\/1\/wp-json\/wp\/v2\/users\/1"}],"replies":[{"embeddable":true,"href":"https:\/\/www.caririemacao.com\/1\/wp-json\/wp\/v2\/comments?post=166269"}],"version-history":[{"count":1,"href":"https:\/\/www.caririemacao.com\/1\/wp-json\/wp\/v2\/posts\/166269\/revisions"}],"predecessor-version":[{"id":166272,"href":"https:\/\/www.caririemacao.com\/1\/wp-json\/wp\/v2\/posts\/166269\/revisions\/166272"}],"wp:featuredmedia":[{"embeddable":true,"href":"https:\/\/www.caririemacao.com\/1\/wp-json\/wp\/v2\/media\/166270"}],"wp:attachment":[{"href":"https:\/\/www.caririemacao.com\/1\/wp-json\/wp\/v2\/media?parent=166269"}],"wp:term":[{"taxonomy":"category","embeddable":true,"href":"https:\/\/www.caririemacao.com\/1\/wp-json\/wp\/v2\/categories?post=166269"},{"taxonomy":"post_tag","embeddable":true,"href":"https:\/\/www.caririemacao.com\/1\/wp-json\/wp\/v2\/tags?post=166269"}],"curies":[{"name":"wp","href":"https:\/\/api.w.org\/{rel}","templated":true}]}}