{"id":166271,"date":"2020-04-28T09:53:28","date_gmt":"2020-04-28T12:53:28","guid":{"rendered":"https:\/\/www.caririemacao.com\/1\/?p=166271"},"modified":"2020-04-28T09:53:28","modified_gmt":"2020-04-28T12:53:28","slug":"policia-age-rapido-recupera-moto-roubada-e-prende-acusado-em-monteiro","status":"publish","type":"post","link":"https:\/\/www.caririemacao.com\/1\/2020\/04\/28\/policia-age-rapido-recupera-moto-roubada-e-prende-acusado-em-monteiro\/","title":{"rendered":"Pol\u00edcia age r\u00e1pido, recupera moto roubada e prende acusado em Monteiro"},"content":{"rendered":"\n<p><a href=\"https:\/\/www.facebook.com\/sharer.php?u=https%3A%2F%2Fwww.vitrinedocariri.com.br%2F2020%2F04%2Fpolicia-age-rapido-recupera-moto-roubada-e-prende-acusado-em-monteiro%2F\" target=\"_blank\" rel=\"noreferrer noopener\"><\/a><a href=\"https:\/\/twitter.com\/share?url=https%3A%2F%2Fwww.vitrinedocariri.com.br%2F2020%2F04%2Fpolicia-age-rapido-recupera-moto-roubada-e-prende-acusado-em-monteiro%2F&amp;text=Acabei%20de%20ver%20Pol%C3%ADcia%20age%20r%C3%A1pido%2C%20recupera%20moto%20roubada%20e%20prende%20acusado%20em%20Monteiro%20-%20Clique%20para%20ver%20tamb%C3%A9m%20%E2%98%9B%20\" target=\"_blank\" rel=\"noreferrer noopener\"><\/a><a href=\"\/\/send?text=Pol%C3%ADcia%20age%20r%C3%A1pido%2C%20recupera%20moto%20roubada%20e%20prende%20acusado%20em%20Monteiro%20%E2%98%9B%20https%3A%2F%2Fwww.vitrinedocariri.com.br%2F2020%2F04%2Fpolicia-age-rapido-recupera-moto-roubada-e-prende-acusado-em-monteiro%2F\" target=\"_blank\" rel=\"noreferrer noopener\"><\/a><a href=\"javascript:void(0);\"><\/a><\/p>\n\n\n\n<p>Segundo informa\u00e7\u00f5es, por volta de 01h da madrugada desta ter\u00e7a-feira (27), as guarni\u00e7\u00f5es foram solicitadas via COPOM, informando que um indiv\u00edduo de posse de uma arma branca (faca), pr\u00f3ximo \u00e0 pra\u00e7a de alimenta\u00e7\u00e3o, anunciou o um assalto e subtraiu uma motocicleta Honda NXR.<\/p>\n\n\n\n<p>As guarni\u00e7\u00f5es sa\u00edram em busca do assaltante, e o acusado de 18 anos de idade foi localizado, por\u00e9m desobedeceu a ordem de parada, houve persegui\u00e7\u00e3o da pol\u00edcia e resist\u00eancia por parte do suspeito.<\/p>\n\n\n\n<p>O mesmo foi capturado e conduzido junto com a moto recuperada para a Delegacia de Pol\u00edcia Civil de Monteiro para serem tomadas as provid\u00eancias cab\u00edveis.<\/p>\n","protected":false},"excerpt":{"rendered":"<p>Segundo informa\u00e7\u00f5es, por volta de 01h da madrugada desta ter\u00e7a-feira (27), as guarni\u00e7\u00f5es foram solicitadas via COPOM, informando que um indiv\u00edduo de posse de uma&hellip; <\/p>\n","protected":false},"author":2,"featured_media":101675,"comment_status":"closed","ping_status":"closed","sticky":false,"template":"","format":"standard","meta":{"sfsi_plus_gutenberg_text_before_share":"","sfsi_plus_gutenberg_show_text_before_share":"","sfsi_plus_gutenberg_icon_type":"","sfsi_plus_gutenberg_icon_alignemt":"","sfsi_plus_gutenburg_max_per_row":"","footnotes":""},"categories":[12],"tags":[],"class_list":["post-166271","post","type-post","status-publish","format-standard","has-post-thumbnail","hentry","category-policia"],"_links":{"self":[{"href":"https:\/\/www.caririemacao.com\/1\/wp-json\/wp\/v2\/posts\/166271","targetHints":{"allow":["GET"]}}],"collection":[{"href":"https:\/\/www.caririemacao.com\/1\/wp-json\/wp\/v2\/posts"}],"about":[{"href":"https:\/\/www.caririemacao.com\/1\/wp-json\/wp\/v2\/types\/post"}],"author":[{"embeddable":true,"href":"https:\/\/www.caririemacao.com\/1\/wp-json\/wp\/v2\/users\/2"}],"replies":[{"embeddable":true,"href":"https:\/\/www.caririemacao.com\/1\/wp-json\/wp\/v2\/comments?post=166271"}],"version-history":[{"count":1,"href":"https:\/\/www.caririemacao.com\/1\/wp-json\/wp\/v2\/posts\/166271\/revisions"}],"predecessor-version":[{"id":166274,"href":"https:\/\/www.caririemacao.com\/1\/wp-json\/wp\/v2\/posts\/166271\/revisions\/166274"}],"wp:featuredmedia":[{"embeddable":true,"href":"https:\/\/www.caririemacao.com\/1\/wp-json\/wp\/v2\/media\/101675"}],"wp:attachment":[{"href":"https:\/\/www.caririemacao.com\/1\/wp-json\/wp\/v2\/media?parent=166271"}],"wp:term":[{"taxonomy":"category","embeddable":true,"href":"https:\/\/www.caririemacao.com\/1\/wp-json\/wp\/v2\/categories?post=166271"},{"taxonomy":"post_tag","embeddable":true,"href":"https:\/\/www.caririemacao.com\/1\/wp-json\/wp\/v2\/tags?post=166271"}],"curies":[{"name":"wp","href":"https:\/\/api.w.org\/{rel}","templated":true}]}}