{"id":166273,"date":"2020-04-28T10:04:16","date_gmt":"2020-04-28T13:04:16","guid":{"rendered":"https:\/\/www.caririemacao.com\/1\/?p=166273"},"modified":"2020-04-28T10:04:16","modified_gmt":"2020-04-28T13:04:16","slug":"covid-19-equipes-da-saude-realizam-blitz-sanitaria-em-sao-sebastiao-do-umbuzeiro","status":"publish","type":"post","link":"https:\/\/www.caririemacao.com\/1\/2020\/04\/28\/covid-19-equipes-da-saude-realizam-blitz-sanitaria-em-sao-sebastiao-do-umbuzeiro\/","title":{"rendered":"Covid-19: Equipes da Sa\u00fade realizam blitz sanit\u00e1ria em S\u00e3o Sebasti\u00e3o do Umbuzeiro"},"content":{"rendered":"\n<p>A preocupa\u00e7\u00e3o com o avan\u00e7o do novo Coronav\u00edrus tem tonando conta de v\u00e1rias cidades do Cariri Paraibano. Sendo assim, v\u00e1rias medidas est\u00e3o sendo tomadas para evitar a contamina\u00e7\u00e3o e dissemina\u00e7\u00e3o do v\u00edrus. <\/p>\n\n\n\n<p>O munic\u00edpio de S\u00e3o Sebasti\u00e3o do Umbuzerio \u00e9 uma das v\u00e1rias cidades que vem adotando medidas em combate a pandemia. <\/p>\n\n\n\n<figure class=\"wp-block-image size-large\"><img fetchpriority=\"high\" decoding=\"async\" width=\"1024\" height=\"576\" src=\"https:\/\/www.caririemacao.com\/1\/wp-content\/uploads\/2020\/04\/prefeiturassu_20200428_7-1024x576.jpg\" alt=\"\" class=\"wp-image-166278\" srcset=\"https:\/\/www.caririemacao.com\/1\/wp-content\/uploads\/2020\/04\/prefeiturassu_20200428_7-1024x576.jpg 1024w, https:\/\/www.caririemacao.com\/1\/wp-content\/uploads\/2020\/04\/prefeiturassu_20200428_7-300x169.jpg 300w, https:\/\/www.caririemacao.com\/1\/wp-content\/uploads\/2020\/04\/prefeiturassu_20200428_7-768x432.jpg 768w, https:\/\/www.caririemacao.com\/1\/wp-content\/uploads\/2020\/04\/prefeiturassu_20200428_7.jpg 1080w\" sizes=\"(max-width: 1024px) 100vw, 1024px\" \/><\/figure>\n\n\n\n<p>A Prefeitura tem convocado Equipes da Sa\u00fade para realizarem blitz sanit\u00e1ria com orienta\u00e7\u00f5es e higi\u00eaniza\u00e7\u00e3o, como mais uma estrat\u00e9gia de Batalha contra o COVID-19. <\/p>\n\n\n\n<figure class=\"wp-block-image size-large\"><img decoding=\"async\" width=\"1024\" height=\"576\" data-src=\"https:\/\/www.caririemacao.com\/1\/wp-content\/uploads\/2020\/04\/prefeiturassu_20200428_9-1024x576.jpg\" alt=\"\" class=\"wp-image-166279 lazyload\" data-srcset=\"https:\/\/www.caririemacao.com\/1\/wp-content\/uploads\/2020\/04\/prefeiturassu_20200428_9-1024x576.jpg 1024w, https:\/\/www.caririemacao.com\/1\/wp-content\/uploads\/2020\/04\/prefeiturassu_20200428_9-300x169.jpg 300w, https:\/\/www.caririemacao.com\/1\/wp-content\/uploads\/2020\/04\/prefeiturassu_20200428_9-768x432.jpg 768w, https:\/\/www.caririemacao.com\/1\/wp-content\/uploads\/2020\/04\/prefeiturassu_20200428_9.jpg 1032w\" data-sizes=\"(max-width: 1024px) 100vw, 1024px\" src=\"data:image\/svg+xml;base64,PHN2ZyB3aWR0aD0iMSIgaGVpZ2h0PSIxIiB4bWxucz0iaHR0cDovL3d3dy53My5vcmcvMjAwMC9zdmciPjwvc3ZnPg==\" style=\"--smush-placeholder-width: 1024px; --smush-placeholder-aspect-ratio: 1024\/576;\" \/><\/figure>\n","protected":false},"excerpt":{"rendered":"<p>A preocupa\u00e7\u00e3o com o avan\u00e7o do novo Coronav\u00edrus tem tonando conta de v\u00e1rias cidades do Cariri Paraibano. Sendo assim, v\u00e1rias medidas est\u00e3o sendo tomadas para&hellip; <\/p>\n","protected":false},"author":1,"featured_media":166276,"comment_status":"closed","ping_status":"closed","sticky":false,"template":"","format":"standard","meta":{"sfsi_plus_gutenberg_text_before_share":"","sfsi_plus_gutenberg_show_text_before_share":"","sfsi_plus_gutenberg_icon_type":"","sfsi_plus_gutenberg_icon_alignemt":"","sfsi_plus_gutenburg_max_per_row":"","footnotes":""},"categories":[6,50],"tags":[],"class_list":["post-166273","post","type-post","status-publish","format-standard","has-post-thumbnail","hentry","category-cidades","category-destaque"],"_links":{"self":[{"href":"https:\/\/www.caririemacao.com\/1\/wp-json\/wp\/v2\/posts\/166273","targetHints":{"allow":["GET"]}}],"collection":[{"href":"https:\/\/www.caririemacao.com\/1\/wp-json\/wp\/v2\/posts"}],"about":[{"href":"https:\/\/www.caririemacao.com\/1\/wp-json\/wp\/v2\/types\/post"}],"author":[{"embeddable":true,"href":"https:\/\/www.caririemacao.com\/1\/wp-json\/wp\/v2\/users\/1"}],"replies":[{"embeddable":true,"href":"https:\/\/www.caririemacao.com\/1\/wp-json\/wp\/v2\/comments?post=166273"}],"version-history":[{"count":1,"href":"https:\/\/www.caririemacao.com\/1\/wp-json\/wp\/v2\/posts\/166273\/revisions"}],"predecessor-version":[{"id":166280,"href":"https:\/\/www.caririemacao.com\/1\/wp-json\/wp\/v2\/posts\/166273\/revisions\/166280"}],"wp:featuredmedia":[{"embeddable":true,"href":"https:\/\/www.caririemacao.com\/1\/wp-json\/wp\/v2\/media\/166276"}],"wp:attachment":[{"href":"https:\/\/www.caririemacao.com\/1\/wp-json\/wp\/v2\/media?parent=166273"}],"wp:term":[{"taxonomy":"category","embeddable":true,"href":"https:\/\/www.caririemacao.com\/1\/wp-json\/wp\/v2\/categories?post=166273"},{"taxonomy":"post_tag","embeddable":true,"href":"https:\/\/www.caririemacao.com\/1\/wp-json\/wp\/v2\/tags?post=166273"}],"curies":[{"name":"wp","href":"https:\/\/api.w.org\/{rel}","templated":true}]}}