{"id":166281,"date":"2020-04-28T11:13:35","date_gmt":"2020-04-28T14:13:35","guid":{"rendered":"https:\/\/www.caririemacao.com\/1\/?p=166281"},"modified":"2020-04-28T11:13:35","modified_gmt":"2020-04-28T14:13:35","slug":"idoso-de-106-anos-vence-coronavirus-e-recebe-alta-do-hospital-clementino-fraga-em-joao-pessoa","status":"publish","type":"post","link":"https:\/\/www.caririemacao.com\/1\/2020\/04\/28\/idoso-de-106-anos-vence-coronavirus-e-recebe-alta-do-hospital-clementino-fraga-em-joao-pessoa\/","title":{"rendered":"Idoso de 106 anos vence Coronav\u00edrus e recebe alta do Hospital Clementino Fraga em Jo\u00e3o Pessoa"},"content":{"rendered":"\n<figure class=\"wp-block-image\"><img decoding=\"async\" data-src=\"https:\/\/thumbor.clickpb.com.br\/k-78b2fLqqMWHsMv2NBQ1DC1JXc=\/876x585\/top\/smart\/www.clickpb.com.br\/media\/filer_public\/9e\/46\/9e46e5ee-eedb-43cd-b50a-b0892b8a41de\/paciente_106_anos.jpg\" alt=\"\" src=\"data:image\/svg+xml;base64,PHN2ZyB3aWR0aD0iMSIgaGVpZ2h0PSIxIiB4bWxucz0iaHR0cDovL3d3dy53My5vcmcvMjAwMC9zdmciPjwvc3ZnPg==\" class=\"lazyload\" \/><\/figure>\n\n\n\n<p><\/p>\n\n\n\n<p>Um idoso de 106 anos venceu o Coronav\u00edrus e recebeu alta nesta segunda-feira (27), do Hospital Clementino Fraga, em Jo\u00e3o Pessoa. Seu Jo\u00e3o estava internado no hospital e foi testado positivo para o v\u00edrus.<\/p>\n\n\n\n<p>No v\u00eddeo \u00e9 poss\u00edvel ver o idoso em uma cadeira de rodas com uma placa na roupa dizendo:&nbsp;&#8220;Eu venci o Covid. Tenho 106 anos&#8221;.<\/p>\n\n\n\n\n\n<p>De acordo com a Organiza\u00e7\u00e3o Mundial de Sa\u00fade (OMS), os idosos s\u00e3o as principais v\u00edtimas do Coronav\u00edrus.<\/p>\n\n\n\n<p>Um&nbsp;<a href=\"https:\/\/www.clickpb.com.br\/saude\/paraiba-tem-tres-novos-obitos-por-covid-19-e-total-chega-53-casos-confirmados-chega-633-282963.html\">boletim divulgado pela Secretaria de Sa\u00fade<\/a>, na noite desta segunda-feira (27), a Para\u00edba tem 633 casos confirmados e 53 mortos por Coronav\u00edrus.&nbsp;<\/p>\n","protected":false},"excerpt":{"rendered":"<p>Um idoso de 106 anos venceu o Coronav\u00edrus e recebeu alta nesta segunda-feira (27), do Hospital Clementino Fraga, em Jo\u00e3o Pessoa. Seu Jo\u00e3o estava internado&hellip; <\/p>\n","protected":false},"author":2,"featured_media":166283,"comment_status":"closed","ping_status":"closed","sticky":false,"template":"","format":"standard","meta":{"sfsi_plus_gutenberg_text_before_share":"","sfsi_plus_gutenberg_show_text_before_share":"","sfsi_plus_gutenberg_icon_type":"","sfsi_plus_gutenberg_icon_alignemt":"","sfsi_plus_gutenburg_max_per_row":"","footnotes":""},"categories":[50,2],"tags":[],"class_list":["post-166281","post","type-post","status-publish","format-standard","has-post-thumbnail","hentry","category-destaque","category-geral"],"_links":{"self":[{"href":"https:\/\/www.caririemacao.com\/1\/wp-json\/wp\/v2\/posts\/166281","targetHints":{"allow":["GET"]}}],"collection":[{"href":"https:\/\/www.caririemacao.com\/1\/wp-json\/wp\/v2\/posts"}],"about":[{"href":"https:\/\/www.caririemacao.com\/1\/wp-json\/wp\/v2\/types\/post"}],"author":[{"embeddable":true,"href":"https:\/\/www.caririemacao.com\/1\/wp-json\/wp\/v2\/users\/2"}],"replies":[{"embeddable":true,"href":"https:\/\/www.caririemacao.com\/1\/wp-json\/wp\/v2\/comments?post=166281"}],"version-history":[{"count":1,"href":"https:\/\/www.caririemacao.com\/1\/wp-json\/wp\/v2\/posts\/166281\/revisions"}],"predecessor-version":[{"id":166284,"href":"https:\/\/www.caririemacao.com\/1\/wp-json\/wp\/v2\/posts\/166281\/revisions\/166284"}],"wp:featuredmedia":[{"embeddable":true,"href":"https:\/\/www.caririemacao.com\/1\/wp-json\/wp\/v2\/media\/166283"}],"wp:attachment":[{"href":"https:\/\/www.caririemacao.com\/1\/wp-json\/wp\/v2\/media?parent=166281"}],"wp:term":[{"taxonomy":"category","embeddable":true,"href":"https:\/\/www.caririemacao.com\/1\/wp-json\/wp\/v2\/categories?post=166281"},{"taxonomy":"post_tag","embeddable":true,"href":"https:\/\/www.caririemacao.com\/1\/wp-json\/wp\/v2\/tags?post=166281"}],"curies":[{"name":"wp","href":"https:\/\/api.w.org\/{rel}","templated":true}]}}