{"id":166289,"date":"2020-04-28T11:38:20","date_gmt":"2020-04-28T14:38:20","guid":{"rendered":"https:\/\/www.caririemacao.com\/1\/?p=166289"},"modified":"2020-04-28T11:39:37","modified_gmt":"2020-04-28T14:39:37","slug":"vice-prefeito-de-camalau-informa-a-populacao-sobre-video-aulas-que-estarao-disponiveis-no-canal-da-secretaria-de-educacao","status":"publish","type":"post","link":"https:\/\/www.caririemacao.com\/1\/2020\/04\/28\/vice-prefeito-de-camalau-informa-a-populacao-sobre-video-aulas-que-estarao-disponiveis-no-canal-da-secretaria-de-educacao\/","title":{"rendered":"Vice-prefeito de Camala\u00fa informa sobre v\u00eddeo-aulas que estar\u00e3o dispon\u00edveis no canal da Secretaria de Educa\u00e7\u00e3o"},"content":{"rendered":"\n<p>O vice-prefeito da cidade de Camala\u00fa, Ezequiel (Kiel) compartilhou em suas redes sociais um texto informando a popula\u00e7\u00e3o camalauense sobre o direcionamento da situa\u00e7\u00e3o das aulas no munic\u00edpio. <\/p>\n\n\n\n<p>&#8220;A partir do m\u00eas de maio, estar\u00e3o dispon\u00edveis no canal institucional da Secretaria de Educa\u00e7\u00e3o de Camala\u00fa-PB, uma sequ\u00eancia de v\u00eddeo-aulas in\u00e9ditas, produzidas pelos professores camalauenses, Ant\u00f4nio Mariano e Ezequiel S\u00f3stenes, estes que, ir\u00e3o retratar o munic\u00edpio de Camala\u00fa perante os aspectos hist\u00f3ricos e geogr\u00e1ficos&#8221; disse o vice-prefeito. <\/p>\n\n\n\n<p class=\"has-text-align-left\">E continuou dizendo: &#8220;pela primeira vez, estaremos por meio do canal, disponibilizando um acervo digital, que al\u00e9m de conter um conte\u00fado atrativo e interativo para este momento de isolamento social, servir\u00e1 de material did\u00e1tico para a posterioridade, com possibilidades de acesso para qualquer pessoa interessada em conhecer as riquezas naturais e culturais do nosso munic\u00edpio. Segue abaixo o link do nosso canal institucional, necess\u00e1rio para o acompanhamento de todo material did\u00e1tico dispon\u00edvel&#8221;, afirmou ele.  <\/p>\n\n\n\n<p class=\"has-text-align-left\"><div class=\"ose-youtube ose-uid-59dd29eedbbac3b4949c488e065c92dd ose-embedpress-responsive\" style=\"width:600px; height:550px; max-height:550px; max-width:100%; display:inline-block;\" data-embed-type=\"YoutubeChannel\"><div>EmbedPress: Digite sua chave de API do YouTube em <a class=\"ep-link\" href=\"https:\/\/www.caririemacao.com\/1\/wp-admin\/?page=embedpress&page_type=youtube#api_key\" target=\"_blank\" style=\"color: #5b4e96; text-decoration: none\">EmbedPress > Plataformas > YouTube<\/a> para incorporar o canal do YouTube.<\/div><\/div><\/p>\n","protected":false},"excerpt":{"rendered":"<p>O vice-prefeito da cidade de Camala\u00fa, Ezequiel (Kiel) compartilhou em suas redes sociais um texto informando a popula\u00e7\u00e3o camalauense sobre o direcionamento da situa\u00e7\u00e3o das&hellip; <\/p>\n","protected":false},"author":1,"featured_media":166290,"comment_status":"closed","ping_status":"closed","sticky":false,"template":"","format":"standard","meta":{"sfsi_plus_gutenberg_text_before_share":"","sfsi_plus_gutenberg_show_text_before_share":"","sfsi_plus_gutenberg_icon_type":"","sfsi_plus_gutenberg_icon_alignemt":"","sfsi_plus_gutenburg_max_per_row":"","footnotes":""},"categories":[6,50],"tags":[],"class_list":["post-166289","post","type-post","status-publish","format-standard","has-post-thumbnail","hentry","category-cidades","category-destaque"],"_links":{"self":[{"href":"https:\/\/www.caririemacao.com\/1\/wp-json\/wp\/v2\/posts\/166289","targetHints":{"allow":["GET"]}}],"collection":[{"href":"https:\/\/www.caririemacao.com\/1\/wp-json\/wp\/v2\/posts"}],"about":[{"href":"https:\/\/www.caririemacao.com\/1\/wp-json\/wp\/v2\/types\/post"}],"author":[{"embeddable":true,"href":"https:\/\/www.caririemacao.com\/1\/wp-json\/wp\/v2\/users\/1"}],"replies":[{"embeddable":true,"href":"https:\/\/www.caririemacao.com\/1\/wp-json\/wp\/v2\/comments?post=166289"}],"version-history":[{"count":2,"href":"https:\/\/www.caririemacao.com\/1\/wp-json\/wp\/v2\/posts\/166289\/revisions"}],"predecessor-version":[{"id":166292,"href":"https:\/\/www.caririemacao.com\/1\/wp-json\/wp\/v2\/posts\/166289\/revisions\/166292"}],"wp:featuredmedia":[{"embeddable":true,"href":"https:\/\/www.caririemacao.com\/1\/wp-json\/wp\/v2\/media\/166290"}],"wp:attachment":[{"href":"https:\/\/www.caririemacao.com\/1\/wp-json\/wp\/v2\/media?parent=166289"}],"wp:term":[{"taxonomy":"category","embeddable":true,"href":"https:\/\/www.caririemacao.com\/1\/wp-json\/wp\/v2\/categories?post=166289"},{"taxonomy":"post_tag","embeddable":true,"href":"https:\/\/www.caririemacao.com\/1\/wp-json\/wp\/v2\/tags?post=166289"}],"curies":[{"name":"wp","href":"https:\/\/api.w.org\/{rel}","templated":true}]}}