{"id":166297,"date":"2020-04-28T11:52:19","date_gmt":"2020-04-28T14:52:19","guid":{"rendered":"https:\/\/www.caririemacao.com\/1\/?p=166297"},"modified":"2020-04-28T11:53:39","modified_gmt":"2020-04-28T14:53:39","slug":"monteiro-prefeitura-faz-entrega-de-cesta-social-obedecendo-normais-em-combate-a-covid","status":"publish","type":"post","link":"https:\/\/www.caririemacao.com\/1\/2020\/04\/28\/monteiro-prefeitura-faz-entrega-de-cesta-social-obedecendo-normais-em-combate-a-covid\/","title":{"rendered":"Monteiro: Prefeitura faz entrega de cesta social, obedecendo normas em combate a Covid-19"},"content":{"rendered":"\n<p>A Secretaria de Desenvolvimento Social deu in\u00edcio a entrega dos alimentos do Programa Cesta Social na tarde desta segunda-feira, 27, obedecendo rigidamente as normas para o combate ao Covid-19.<\/p>\n\n\n\n<p>A entrega acontece ao longo da semana e de acordo com as cores dos cart\u00f5es. Ao chegar no Centro de Gastronomia, os benefici\u00e1rios s\u00e3o orientados sobre a dist\u00e2ncia m\u00ednima que devem manter, bem como a entrega de m\u00e1scaras e antes de entrar no local \u00e9 proporcionada a higieniza\u00e7\u00e3o das m\u00e3os.<\/p>\n\n\n\n<p>\u201cNosso intuito \u00e9 realizar a entrega da maneira mais segura poss\u00edvel, tanto para a popula\u00e7\u00e3o quanto para os profissionais da secretaria. Agradecemos a compreens\u00e3o de todos e esta \u00e9 mais uma a\u00e7\u00e3o de combate a prolifera\u00e7\u00e3o do v\u00edrus, para que nosso munic\u00edpio continue sem o registro de casos\u201d, comentou a secret\u00e1ria da pasta, Rosa Aleixo.<\/p>\n\n\n\n<p>Ao longo da semana ser\u00e3o distribu\u00eddas 500 cestas b\u00e1sicas para as fam\u00edlias em situa\u00e7\u00e3o de vulnerabilidade.<\/p>\n\n\n\n<p>O Programa \u201cCesta Social &#8211; Monteiro distribuindo esperan\u00e7a\u201d vem beneficiando 500 fam\u00edlias monteirenses desde outubro de 2019 em um dos maiores programas assistenciais j\u00e1 implantados pelo munic\u00edpio de forma cont\u00ednua e atrav\u00e9s de recursos pr\u00f3prios.<\/p>\n\n\n\n<p>Produtos indispens\u00e1veis para uma boa nutri\u00e7\u00e3o di\u00e1ria como a\u00e7\u00facar, arroz, feij\u00e3o, caf\u00e9, fub\u00e1 de milho, macarr\u00e3o, extrato de tomate, biscoitos doces e salgados, leite em p\u00f3 e margarina fazem parte da Cesta Social.<\/p>\n","protected":false},"excerpt":{"rendered":"<p>A Secretaria de Desenvolvimento Social deu in\u00edcio a entrega dos alimentos do Programa Cesta Social na tarde desta segunda-feira, 27, obedecendo rigidamente as normas para&hellip; <\/p>\n","protected":false},"author":1,"featured_media":166298,"comment_status":"closed","ping_status":"closed","sticky":false,"template":"","format":"standard","meta":{"sfsi_plus_gutenberg_text_before_share":"","sfsi_plus_gutenberg_show_text_before_share":"","sfsi_plus_gutenberg_icon_type":"","sfsi_plus_gutenberg_icon_alignemt":"","sfsi_plus_gutenburg_max_per_row":"","footnotes":""},"categories":[6,50],"tags":[],"class_list":["post-166297","post","type-post","status-publish","format-standard","has-post-thumbnail","hentry","category-cidades","category-destaque"],"_links":{"self":[{"href":"https:\/\/www.caririemacao.com\/1\/wp-json\/wp\/v2\/posts\/166297","targetHints":{"allow":["GET"]}}],"collection":[{"href":"https:\/\/www.caririemacao.com\/1\/wp-json\/wp\/v2\/posts"}],"about":[{"href":"https:\/\/www.caririemacao.com\/1\/wp-json\/wp\/v2\/types\/post"}],"author":[{"embeddable":true,"href":"https:\/\/www.caririemacao.com\/1\/wp-json\/wp\/v2\/users\/1"}],"replies":[{"embeddable":true,"href":"https:\/\/www.caririemacao.com\/1\/wp-json\/wp\/v2\/comments?post=166297"}],"version-history":[{"count":4,"href":"https:\/\/www.caririemacao.com\/1\/wp-json\/wp\/v2\/posts\/166297\/revisions"}],"predecessor-version":[{"id":166303,"href":"https:\/\/www.caririemacao.com\/1\/wp-json\/wp\/v2\/posts\/166297\/revisions\/166303"}],"wp:featuredmedia":[{"embeddable":true,"href":"https:\/\/www.caririemacao.com\/1\/wp-json\/wp\/v2\/media\/166298"}],"wp:attachment":[{"href":"https:\/\/www.caririemacao.com\/1\/wp-json\/wp\/v2\/media?parent=166297"}],"wp:term":[{"taxonomy":"category","embeddable":true,"href":"https:\/\/www.caririemacao.com\/1\/wp-json\/wp\/v2\/categories?post=166297"},{"taxonomy":"post_tag","embeddable":true,"href":"https:\/\/www.caririemacao.com\/1\/wp-json\/wp\/v2\/tags?post=166297"}],"curies":[{"name":"wp","href":"https:\/\/api.w.org\/{rel}","templated":true}]}}