{"id":166304,"date":"2020-04-28T11:56:37","date_gmt":"2020-04-28T14:56:37","guid":{"rendered":"https:\/\/www.caririemacao.com\/1\/?p=166304"},"modified":"2020-04-28T11:56:37","modified_gmt":"2020-04-28T14:56:37","slug":"monteiro-secretaria-de-desenvolvimento-social-distribui-kits-de-atividades-com-idosos-do-scfv","status":"publish","type":"post","link":"https:\/\/www.caririemacao.com\/1\/2020\/04\/28\/monteiro-secretaria-de-desenvolvimento-social-distribui-kits-de-atividades-com-idosos-do-scfv\/","title":{"rendered":"Monteiro: Secretaria de Desenvolvimento Social distribui kits de atividades com idosos do SCFV"},"content":{"rendered":"\n<p>A Prefeitura de Monteiro continua, mesmo em meio a quarentena e isolamento social impostos pela pandemia global de Covid-19, acompanhando os idosos do Servi\u00e7o de Conviv\u00eancia e Fortalecimento de V\u00ednculos.<\/p>\n\n\n\n<p>O isolamento social ao passo que se trata de um cuidado muito bem indicado, a medida pode gerar uma avalanche de emo\u00e7\u00f5es nos idosos, o que \u00e9 capaz de colocar em risco sua sa\u00fade mental, e neste sentido a Secretaria de Desenvolvimento Social organizou e realizar\u00e1 a entrega de kits com atividades de passatempo e cartilha contendo orienta\u00e7\u00f5es de como se cuidar nesse momento.<\/p>\n\n\n\n<p>Os kits cont\u00e9m atividades l\u00fadicas e interativas al\u00e9m de telefones de apoio psicol\u00f3gico e a cartilha cont\u00e9m receitas e dicas de alimenta\u00e7\u00e3o que estimulam o aumento da imunidade. No kit tamb\u00e9m estar\u00e3o inclusos m\u00e1scara e \u00e1lcool.<\/p>\n\n\n\n<p>\u201cSitua\u00e7\u00f5es como quarentenas tendem a despertar sentimentos como solid\u00e3o, estresse, ansiedade, tristeza e depress\u00e3o. Geralmente, o idoso tem medo por si e por seus entes queridos. Seu sono se altera e seu apetite tamb\u00e9m pode ser impactado. Um cen\u00e1rio prop\u00edcio para, inclusive, agravar problemas cr\u00f4nicos de sa\u00fade como diabetes, hipertens\u00e3o e doen\u00e7as cardiovasculares. Portanto a administra\u00e7\u00e3o est\u00e1 preocupada com esta parcela da popula\u00e7\u00e3o e estas atividades ajudar\u00e3o muito neste per\u00edodo\u201d, comenta a prefeita Anna Lorena.<\/p>\n\n\n\n<p>As atividades e os kits, respectivamente, ser\u00e3o realizadas e entregues diretamente na casa dos idosos para evitar um poss\u00edvel risco de cont\u00e1gio do Covid-19.<\/p>\n","protected":false},"excerpt":{"rendered":"<p>A Prefeitura de Monteiro continua, mesmo em meio a quarentena e isolamento social impostos pela pandemia global de Covid-19, acompanhando os idosos do Servi\u00e7o de&hellip; <\/p>\n","protected":false},"author":1,"featured_media":166305,"comment_status":"closed","ping_status":"closed","sticky":false,"template":"","format":"standard","meta":{"sfsi_plus_gutenberg_text_before_share":"","sfsi_plus_gutenberg_show_text_before_share":"","sfsi_plus_gutenberg_icon_type":"","sfsi_plus_gutenberg_icon_alignemt":"","sfsi_plus_gutenburg_max_per_row":"","footnotes":""},"categories":[6,50],"tags":[],"class_list":["post-166304","post","type-post","status-publish","format-standard","has-post-thumbnail","hentry","category-cidades","category-destaque"],"_links":{"self":[{"href":"https:\/\/www.caririemacao.com\/1\/wp-json\/wp\/v2\/posts\/166304","targetHints":{"allow":["GET"]}}],"collection":[{"href":"https:\/\/www.caririemacao.com\/1\/wp-json\/wp\/v2\/posts"}],"about":[{"href":"https:\/\/www.caririemacao.com\/1\/wp-json\/wp\/v2\/types\/post"}],"author":[{"embeddable":true,"href":"https:\/\/www.caririemacao.com\/1\/wp-json\/wp\/v2\/users\/1"}],"replies":[{"embeddable":true,"href":"https:\/\/www.caririemacao.com\/1\/wp-json\/wp\/v2\/comments?post=166304"}],"version-history":[{"count":1,"href":"https:\/\/www.caririemacao.com\/1\/wp-json\/wp\/v2\/posts\/166304\/revisions"}],"predecessor-version":[{"id":166306,"href":"https:\/\/www.caririemacao.com\/1\/wp-json\/wp\/v2\/posts\/166304\/revisions\/166306"}],"wp:featuredmedia":[{"embeddable":true,"href":"https:\/\/www.caririemacao.com\/1\/wp-json\/wp\/v2\/media\/166305"}],"wp:attachment":[{"href":"https:\/\/www.caririemacao.com\/1\/wp-json\/wp\/v2\/media?parent=166304"}],"wp:term":[{"taxonomy":"category","embeddable":true,"href":"https:\/\/www.caririemacao.com\/1\/wp-json\/wp\/v2\/categories?post=166304"},{"taxonomy":"post_tag","embeddable":true,"href":"https:\/\/www.caririemacao.com\/1\/wp-json\/wp\/v2\/tags?post=166304"}],"curies":[{"name":"wp","href":"https:\/\/api.w.org\/{rel}","templated":true}]}}