{"id":166312,"date":"2020-04-28T13:32:51","date_gmt":"2020-04-28T16:32:51","guid":{"rendered":"https:\/\/www.caririemacao.com\/1\/?p=166312"},"modified":"2020-04-28T13:32:51","modified_gmt":"2020-04-28T16:32:51","slug":"cloroquina-tem-efeitos-colaterais-graves-entenda-os-riscos","status":"publish","type":"post","link":"https:\/\/www.caririemacao.com\/1\/2020\/04\/28\/cloroquina-tem-efeitos-colaterais-graves-entenda-os-riscos\/","title":{"rendered":"Cloroquina tem efeitos colaterais graves; entenda os riscos"},"content":{"rendered":"\n<h1 class=\"wp-block-heading\"><\/h1>\n\n\n\n<p><\/p>\n\n\n\n<p>A cloroquina \u00e9 um medicamento que tem sido muito falado durante a pandemia do coronav\u00edrus. Ele \u00e9 usado no tratamento de doen\u00e7as como mal\u00e1ria, mas ainda n\u00e3o h\u00e1 nenhum estudo que comprove a efic\u00e1cia no tratamento da Covid-19.<\/p>\n\n\n\n<p>O professor e farmac\u00eautico Felipe Alencar falou sobre os riscos da automedica\u00e7\u00e3o durante entrevista veiculada pela r\u00e1dio Campina FM, na manh\u00e3 dessa segunda-feira (27).<\/p>\n\n\n\n<p>A automedica\u00e7\u00e3o pode oferecer graves riscos \u00e0 sa\u00fade. Segundo dados do Conselho Federal de Farm\u00e1cia, o costume de ingerir rem\u00e9dios por conta pr\u00f3pria faz parte da rotina de cerca de 77% da popula\u00e7\u00e3o brasileira.<\/p>\n\n\n\n<p>\u2013 Desde quando come\u00e7ou a especula\u00e7\u00e3o sobre os medicamentos que poderiam ser \u00fateis para o tratamento do coronav\u00edrus, come\u00e7ou uma corrida desenfreada nas farm\u00e1cias para compra desses rem\u00e9dios. O resultado disso foi que a Anvisa precisasse enquadrar esses medicamentos como controlados \u2013 explicou.<\/p>\n\n\n\n<p>Ainda segundo o profissional da sa\u00fade, \u00e9 necess\u00e1rio que a popula\u00e7\u00e3o se atente ao fato de que todo e qualquer medicamento tem efeitos adversos, os chamados colaterais. Esses, podem trazer riscos \u00e0 sa\u00fade e at\u00e9 levar \u00e0 morte.<\/p>\n\n\n\n<p>\u2013 A cloroquina \u00e9 um medicamento que apresenta como efeito adverso um descompasso do cora\u00e7\u00e3o, uma arritmia. A depender da dose que a pessoa faz uso, essa arritmia pode ser fatal. Al\u00e9m disso, esse medicamento j\u00e1 apresentou efeitos s\u00e9rios na vis\u00e3o \u2013 concluiu.<\/p>\n","protected":false},"excerpt":{"rendered":"<p>A cloroquina \u00e9 um medicamento que tem sido muito falado durante a pandemia do coronav\u00edrus. Ele \u00e9 usado no tratamento de doen\u00e7as como mal\u00e1ria, mas&hellip; <\/p>\n","protected":false},"author":2,"featured_media":166313,"comment_status":"closed","ping_status":"closed","sticky":false,"template":"","format":"standard","meta":{"sfsi_plus_gutenberg_text_before_share":"","sfsi_plus_gutenberg_show_text_before_share":"","sfsi_plus_gutenberg_icon_type":"","sfsi_plus_gutenberg_icon_alignemt":"","sfsi_plus_gutenburg_max_per_row":"","footnotes":""},"categories":[2],"tags":[],"class_list":["post-166312","post","type-post","status-publish","format-standard","has-post-thumbnail","hentry","category-geral"],"_links":{"self":[{"href":"https:\/\/www.caririemacao.com\/1\/wp-json\/wp\/v2\/posts\/166312","targetHints":{"allow":["GET"]}}],"collection":[{"href":"https:\/\/www.caririemacao.com\/1\/wp-json\/wp\/v2\/posts"}],"about":[{"href":"https:\/\/www.caririemacao.com\/1\/wp-json\/wp\/v2\/types\/post"}],"author":[{"embeddable":true,"href":"https:\/\/www.caririemacao.com\/1\/wp-json\/wp\/v2\/users\/2"}],"replies":[{"embeddable":true,"href":"https:\/\/www.caririemacao.com\/1\/wp-json\/wp\/v2\/comments?post=166312"}],"version-history":[{"count":1,"href":"https:\/\/www.caririemacao.com\/1\/wp-json\/wp\/v2\/posts\/166312\/revisions"}],"predecessor-version":[{"id":166314,"href":"https:\/\/www.caririemacao.com\/1\/wp-json\/wp\/v2\/posts\/166312\/revisions\/166314"}],"wp:featuredmedia":[{"embeddable":true,"href":"https:\/\/www.caririemacao.com\/1\/wp-json\/wp\/v2\/media\/166313"}],"wp:attachment":[{"href":"https:\/\/www.caririemacao.com\/1\/wp-json\/wp\/v2\/media?parent=166312"}],"wp:term":[{"taxonomy":"category","embeddable":true,"href":"https:\/\/www.caririemacao.com\/1\/wp-json\/wp\/v2\/categories?post=166312"},{"taxonomy":"post_tag","embeddable":true,"href":"https:\/\/www.caririemacao.com\/1\/wp-json\/wp\/v2\/tags?post=166312"}],"curies":[{"name":"wp","href":"https:\/\/api.w.org\/{rel}","templated":true}]}}