{"id":166316,"date":"2020-04-28T13:36:21","date_gmt":"2020-04-28T16:36:21","guid":{"rendered":"https:\/\/www.caririemacao.com\/1\/?p=166316"},"modified":"2020-04-28T13:36:21","modified_gmt":"2020-04-28T16:36:21","slug":"coronavirus-cardiologista-alerta-hipertensos-sobre-cuidados-que-devem-tomar","status":"publish","type":"post","link":"https:\/\/www.caririemacao.com\/1\/2020\/04\/28\/coronavirus-cardiologista-alerta-hipertensos-sobre-cuidados-que-devem-tomar\/","title":{"rendered":"Coronav\u00edrus: cardiologista alerta hipertensos sobre cuidados que devem tomar"},"content":{"rendered":"\n<p><\/p>\n\n\n\n<p>No quadro \u201cSa\u00fade em dia\u201d, do programa \u201cConex\u00e3o Caturit\u00e9\u201d, o m\u00e9dico cardiologista Guilherme Ata\u00edde falou sobre hipertens\u00e3o arterial e alertou sobre os cuidados que as pessoas que fazem parte desse grupo de risco devem tomar.<\/p>\n\n\n\n<p>O programa \u00e9 l\u00edder em audi\u00eancia no hor\u00e1rio do almo\u00e7o, em Campina Grande.<\/p>\n\n\n\n<p>Vai ao ar das 11h \u00e0s 13h, na R\u00e1dio Caturit\u00e9 FM (104.1)<\/p>\n","protected":false},"excerpt":{"rendered":"<p>No quadro \u201cSa\u00fade em dia\u201d, do programa \u201cConex\u00e3o Caturit\u00e9\u201d, o m\u00e9dico cardiologista Guilherme Ata\u00edde falou sobre hipertens\u00e3o arterial e alertou sobre os cuidados que as&hellip; <\/p>\n","protected":false},"author":2,"featured_media":166317,"comment_status":"closed","ping_status":"closed","sticky":false,"template":"","format":"standard","meta":{"sfsi_plus_gutenberg_text_before_share":"","sfsi_plus_gutenberg_show_text_before_share":"","sfsi_plus_gutenberg_icon_type":"","sfsi_plus_gutenberg_icon_alignemt":"","sfsi_plus_gutenburg_max_per_row":"","footnotes":""},"categories":[2],"tags":[],"class_list":["post-166316","post","type-post","status-publish","format-standard","has-post-thumbnail","hentry","category-geral"],"_links":{"self":[{"href":"https:\/\/www.caririemacao.com\/1\/wp-json\/wp\/v2\/posts\/166316","targetHints":{"allow":["GET"]}}],"collection":[{"href":"https:\/\/www.caririemacao.com\/1\/wp-json\/wp\/v2\/posts"}],"about":[{"href":"https:\/\/www.caririemacao.com\/1\/wp-json\/wp\/v2\/types\/post"}],"author":[{"embeddable":true,"href":"https:\/\/www.caririemacao.com\/1\/wp-json\/wp\/v2\/users\/2"}],"replies":[{"embeddable":true,"href":"https:\/\/www.caririemacao.com\/1\/wp-json\/wp\/v2\/comments?post=166316"}],"version-history":[{"count":1,"href":"https:\/\/www.caririemacao.com\/1\/wp-json\/wp\/v2\/posts\/166316\/revisions"}],"predecessor-version":[{"id":166318,"href":"https:\/\/www.caririemacao.com\/1\/wp-json\/wp\/v2\/posts\/166316\/revisions\/166318"}],"wp:featuredmedia":[{"embeddable":true,"href":"https:\/\/www.caririemacao.com\/1\/wp-json\/wp\/v2\/media\/166317"}],"wp:attachment":[{"href":"https:\/\/www.caririemacao.com\/1\/wp-json\/wp\/v2\/media?parent=166316"}],"wp:term":[{"taxonomy":"category","embeddable":true,"href":"https:\/\/www.caririemacao.com\/1\/wp-json\/wp\/v2\/categories?post=166316"},{"taxonomy":"post_tag","embeddable":true,"href":"https:\/\/www.caririemacao.com\/1\/wp-json\/wp\/v2\/tags?post=166316"}],"curies":[{"name":"wp","href":"https:\/\/api.w.org\/{rel}","templated":true}]}}