{"id":166320,"date":"2020-04-28T13:43:31","date_gmt":"2020-04-28T16:43:31","guid":{"rendered":"https:\/\/www.caririemacao.com\/1\/?p=166320"},"modified":"2020-04-28T13:45:30","modified_gmt":"2020-04-28T16:45:30","slug":"paraiba-vive-pico-da-covid-19-e-secretario-de-saude-faz-apelo-nao-queremos-ser-manaus","status":"publish","type":"post","link":"https:\/\/www.caririemacao.com\/1\/2020\/04\/28\/paraiba-vive-pico-da-covid-19-e-secretario-de-saude-faz-apelo-nao-queremos-ser-manaus\/","title":{"rendered":"Para\u00edba vive pico da Covid-19 e Secret\u00e1rio de Sa\u00fade faz apelo: \u201cN\u00e3o queremos ser Manaus"},"content":{"rendered":"\n<div class=\"wp-block-image\"><figure class=\"aligncenter\"><img decoding=\"async\" data-src=\"http:\/\/deolhonocariri.com.br\/wp-content\/uploads\/2020\/04\/geraldojoaoazevedohospitalsolidario.jpeg\" alt=\"\" class=\"wp-image-81511 lazyload\" src=\"data:image\/svg+xml;base64,PHN2ZyB3aWR0aD0iMSIgaGVpZ2h0PSIxIiB4bWxucz0iaHR0cDovL3d3dy53My5vcmcvMjAwMC9zdmciPjwvc3ZnPg==\" \/><\/figure><\/div>\n\n\n\n<p> Segundo a Secretaria de Sa\u00fade da Para\u00edba, o estado est\u00e1 no pico de incid\u00eancia de novos casos de Covid-19. Em apenas 24h foram 90 pessoas diagnosticadas com o v\u00edrus. O secret\u00e1rio de sa\u00fade, Geraldo Medeiros, informou na manh\u00e3 desta ter\u00e7a-feira (28) que 50% dos leitos de UTI adulto est\u00e3o ocupados na Para\u00edba.<\/p>\n\n\n\n<p>Diante disso, \u00e9 essencial que a popula\u00e7\u00e3o respeite as orienta\u00e7\u00f5es passadas pelo Minist\u00e9rio da Sa\u00fade. O distanciamento social precisa ser mantido, isso porque a doen\u00e7a \u00e9 assintom\u00e1tica em 86% dos casos, de acordo com Jo\u00e3o Gabardo, secretario executivo do Minist\u00e9rio da Sa\u00fade. Isso significa que a maioria das pessoas infectadas sequer sabe que est\u00e1 doente. Com isso, continuam vivendo normalmente e infectando, sem saber, as outras.<\/p>\n\n\n\n<p>A dissemina\u00e7\u00e3o do v\u00edrus n\u00e3o ocorre pelo ar, mas pelo contato com got\u00edculas expelidas por um indiv\u00edduo contaminado. Especialistas recomendam que as pessoas mantenham uma dist\u00e2ncia de 1,5 metro das outras, al\u00e9m da import\u00e2ncia de usarem m\u00e1scara.<\/p>\n\n\n\n<p>O secret\u00e1rio de sa\u00fade da Para\u00edba faz um alerta: \u201cAqueles que falavam em flexibiliza\u00e7\u00e3o, por favor aceitem \u00e0s nossas orienta\u00e7\u00f5es. PARA O BEM DOS PARAIBANOS FIQUEM EM CASA. N\u00c3O QUEIRAM QUE A PARA\u00cdBA SE TORNE MANAUS\u201d.<\/p>\n","protected":false},"excerpt":{"rendered":"<p>Segundo a Secretaria de Sa\u00fade da Para\u00edba, o estado est\u00e1 no pico de incid\u00eancia de novos casos de Covid-19. Em apenas 24h foram 90 pessoas&hellip; <\/p>\n","protected":false},"author":2,"featured_media":166321,"comment_status":"closed","ping_status":"closed","sticky":false,"template":"","format":"standard","meta":{"sfsi_plus_gutenberg_text_before_share":"","sfsi_plus_gutenberg_show_text_before_share":"","sfsi_plus_gutenberg_icon_type":"","sfsi_plus_gutenberg_icon_alignemt":"","sfsi_plus_gutenburg_max_per_row":"","footnotes":""},"categories":[50,2],"tags":[],"class_list":["post-166320","post","type-post","status-publish","format-standard","has-post-thumbnail","hentry","category-destaque","category-geral"],"_links":{"self":[{"href":"https:\/\/www.caririemacao.com\/1\/wp-json\/wp\/v2\/posts\/166320","targetHints":{"allow":["GET"]}}],"collection":[{"href":"https:\/\/www.caririemacao.com\/1\/wp-json\/wp\/v2\/posts"}],"about":[{"href":"https:\/\/www.caririemacao.com\/1\/wp-json\/wp\/v2\/types\/post"}],"author":[{"embeddable":true,"href":"https:\/\/www.caririemacao.com\/1\/wp-json\/wp\/v2\/users\/2"}],"replies":[{"embeddable":true,"href":"https:\/\/www.caririemacao.com\/1\/wp-json\/wp\/v2\/comments?post=166320"}],"version-history":[{"count":2,"href":"https:\/\/www.caririemacao.com\/1\/wp-json\/wp\/v2\/posts\/166320\/revisions"}],"predecessor-version":[{"id":166325,"href":"https:\/\/www.caririemacao.com\/1\/wp-json\/wp\/v2\/posts\/166320\/revisions\/166325"}],"wp:featuredmedia":[{"embeddable":true,"href":"https:\/\/www.caririemacao.com\/1\/wp-json\/wp\/v2\/media\/166321"}],"wp:attachment":[{"href":"https:\/\/www.caririemacao.com\/1\/wp-json\/wp\/v2\/media?parent=166320"}],"wp:term":[{"taxonomy":"category","embeddable":true,"href":"https:\/\/www.caririemacao.com\/1\/wp-json\/wp\/v2\/categories?post=166320"},{"taxonomy":"post_tag","embeddable":true,"href":"https:\/\/www.caririemacao.com\/1\/wp-json\/wp\/v2\/tags?post=166320"}],"curies":[{"name":"wp","href":"https:\/\/api.w.org\/{rel}","templated":true}]}}