{"id":166333,"date":"2020-04-28T14:28:09","date_gmt":"2020-04-28T17:28:09","guid":{"rendered":"https:\/\/www.caririemacao.com\/1\/?p=166333"},"modified":"2020-04-28T14:28:09","modified_gmt":"2020-04-28T17:28:09","slug":"pernambuco-tem-sete-das-20-cidades-com-maior-taxa-de-mortalidade-por-covid-19-do-pais","status":"publish","type":"post","link":"https:\/\/www.caririemacao.com\/1\/2020\/04\/28\/pernambuco-tem-sete-das-20-cidades-com-maior-taxa-de-mortalidade-por-covid-19-do-pais\/","title":{"rendered":"Pernambuco tem sete das 20 cidades com maior taxa de mortalidade por Covid-19 do pa\u00eds"},"content":{"rendered":"\n<figure class=\"wp-block-image\"><img decoding=\"async\" data-src=\"https:\/\/thumbor.clickpb.com.br\/RSZ1-4l3e3hyikzeaAZTlBBByCY=\/876x585\/top\/smart\/www.clickpb.com.br\/media\/filer_public\/d6\/e9\/d6e9accd-06f9-45fc-a16c-bf7d62433ad1\/_111107212_corona1.jpg\" alt=\"\" src=\"data:image\/svg+xml;base64,PHN2ZyB3aWR0aD0iMSIgaGVpZ2h0PSIxIiB4bWxucz0iaHR0cDovL3d3dy53My5vcmcvMjAwMC9zdmciPjwvc3ZnPg==\" class=\"lazyload\" \/><\/figure>\n\n\n\n<h3 class=\"wp-block-heading\"><\/h3>\n\n\n\n<p> Pernambuco tem sete cidades entre os 20 munic\u00edpios brasileiros com a maior taxa de mortalidade de pacientes com Covid-19. \u00c9 o estado com maior n\u00fameros de munic\u00edpios entre as 20. De acordo com o levantamento feito pelo G1, com base nos dados informados pelas secretarias estaduais de sa\u00fade de todo o pa\u00eds, S\u00e3o Louren\u00e7o da Mata lidera o ranking com a maior taxa de mortalidade pelo novo coronav\u00edrus (Sars-cov-2), com 19,4 mortes por 100 mil moradores.<\/p>\n\n\n\n<p>O levantamento considerou dados tabulados at\u00e9 as 13h50 de segunda-feira (27) e apenas as cidades brasileiras com mais de 30 casos. O crit\u00e9rio foi usado porque, segundo a Organiza\u00e7\u00e3o Mundial da Sa\u00fade (OMS), \u00e9 o m\u00ednimo necess\u00e1rio para avalia\u00e7\u00f5es de efeitos da doen\u00e7a nas cidades. Segundo o membro do comit\u00ea da OMS para combate ao coronav\u00edrus, o professor da USP Jo\u00e3o Paulo Dias de Souza, a organiza\u00e7\u00e3o trabalha com o n\u00famero ideal de 300 casos, e 10% dele como refer\u00eancia m\u00ednima. De acordo com o professor, esse referencial \u00e9 usado para corrigir distor\u00e7\u00f5es e diminuir a taxa de incerteza.<\/p>\n\n\n\n<p>A taxa de mortalidade \u00e9 calculada a partir do n\u00famero de mortes dividido pela popula\u00e7\u00e3o, dividida por 100 mil habitantes. O objetivo \u00e9 permitir comparar a situa\u00e7\u00e3o de cidades de tamanhos diferentes.<\/p>\n\n\n\n<p>Quase todas as cidades pernambucanas que est\u00e3o na lista ficam localizadas no Grande Recife, com exce\u00e7\u00e3o de Vit\u00f3ria de Santo Ant\u00e3o, localizada na Zona da Mata.<\/p>\n\n\n\n<p>Em terceiro lugar no ranking est\u00e1 Recife, com 11,4 mortes por 100 mil pessoas. A capital concentra a maioria absoluta dos casos no estado: 1.865 casos do novo coronav\u00edrus. Em 11\u00ba lugar est\u00e1 Camaragibe, com um \u00edndice de 8,9 v\u00edtimas do novo coronav\u00edrus. Em 14\u00ba vem Olinda, terceira cidade mais populosa do estado, com 7,4 \u00f3bitos.<\/p>\n\n\n\n<p>Jaboat\u00e3o dos Guararapes, a segunda mais populosa, vem em 16\u00ba lugar, com incid\u00eancia de 7 mortes a cada 100 mil moradores e, em 19\u00ba lugar, vem Igarassu, com 6,8 casos. Por fim, no 20\u00ba lugar, vem Vit\u00f3ria de Santo Ant\u00e3o, que concentra 6,5 casos por 100 mil habitantes.<\/p>\n\n\n\n<p>Considerando a incid\u00eancia de casos de Covid-19, Pernambuco tem tr\u00eas cidades entre as 20 com maior incid\u00eancia de casos por 100 mil habitantes:<\/p>\n\n\n\n<p>Recife (9\u00b0): 113,3<br>Camaragibe (13\u00b0) : 91,9<br>S\u00e3o Louren\u00e7o da Mata (14\u00b0): 87,4<\/p>\n\n\n\n<p>O levantamento \u00e9 feito pelo G1 desde o come\u00e7o da pandemia e os dados est\u00e3o dispon\u00edveis no Mapa do Coronav\u00edrus, que mostra o n\u00famero de casos e mortes em cada cidade do pa\u00eds, dia a dia.<\/p>\n\n\n\n<p><strong>Identifica\u00e7\u00e3o de \u00f3bitos<\/strong><\/p>\n\n\n\n<p>O secret\u00e1rio estadual de Sa\u00fade, Andr\u00e9 Longo, o Grande Recife tem uma condi\u00e7\u00e3o preocupante, com a amplia\u00e7\u00e3o acelerada dos n\u00fameros de casos. &#8220;Apareceu um n\u00famero maior de casos e, como a popula\u00e7\u00e3o n\u00e3o \u00e9 t\u00e3o grande, n\u00e3o se pode sedimentar, mas estamos com comiss\u00f5es para a revis\u00e3o de situa\u00e7\u00e3o de \u00f3bitos, para que as vigil\u00e2ncias possam intensificar os trabalhos na identifica\u00e7\u00e3o para minorar as situa\u00e7\u00f5es&#8221;, apontou Longo.<\/p>\n\n\n\n<p>Isso se deve a dois fatores, sendo o primeiro um trabalho de vigil\u00e2ncia e testagem dos casos de mortos por S\u00edndrome Respirat\u00f3ria Aguda Grave (Srag) e, em segundo, por serem cidades, com exce\u00e7\u00e3o do Recife, que n\u00e3o s\u00e3o t\u00e3o populosas.<\/p>\n\n\n\n<p>&#8220;A situa\u00e7\u00e3o \u00e9 mais grave no Grande Recife e se explica muitas vezes pela popula\u00e7\u00e3o pequena e um n\u00famero inicial de \u00f3bitos, j\u00e1 que tem que se aguardar por mais tempo para termos diagn\u00f3stico mais definitivo, mas sem deixar de tomar as medidas de vigil\u00e2ncia necess\u00e1rias para os munic\u00edpios que acendem sinal de alerta&#8221;, afirmou.<\/p>\n\n\n\n<p>Sobre o caso de S\u00e3o Louren\u00e7o da Mata, segundo o secret\u00e1rio, ainda n\u00e3o \u00e9 poss\u00edvel apontar uma causa para um \u00edndice t\u00e3o grande no n\u00famero de mortes. A cidade, apesar do \u00edndice, n\u00e3o tem leitos de UTI.<\/p>\n\n\n\n<p>&#8220;Estamos buscando fazer um trabalho de vigil\u00e2ncia junto a prefeituras, algumas delas precisam de um maior apoio de fazer a investiga\u00e7\u00e3o mais detalhada, em especial dos \u00f3bitos. Isso faz com que a gente possa ter n\u00fameros que se apresentam mais rapidamente para a sociedade, e \u00e9 importante para planejar as interven\u00e7\u00f5es. \u00c9 um esfor\u00e7o da nossa vigil\u00e2ncia para identificar cada situa\u00e7\u00e3o de Srag, para identificar o mais precoce poss\u00edvel esse diagn\u00f3stico e, inclusive, dar uma resposta \u00e0s fam\u00edlias e tamb\u00e9m atingir um patamar de interven\u00e7\u00e3o melhor do sistema de sa\u00fade&#8221;, afirmou o secret\u00e1rio.<\/p>\n\n\n\n<p>Na segunda-feira, Pernambuco confirmou 460 novos casos e 35 \u00f3bitos de pacientes com a Covid-19. Com isso, o estado passou a ter 5.358 pacientes com a doen\u00e7a e 450 mortes. Entretanto, atualmente, a testagem n\u00e3o abrange todos os casos de sintom\u00e1ticos, n\u00famero que devem ser at\u00e9 sete vezes maior que o de notificados.<\/p>\n\n\n\n<p>Isso porque a testagem \u00e9 exclusiva para profissionais de sa\u00fade e seguran\u00e7a e seus familiares, pessoas com Srag e outras que pagam por testagem privada. Entretanto, segundo Andr\u00e9 Longo, a subnotifica\u00e7\u00e3o n\u00e3o abrange o n\u00famero de mortes.<\/p>\n\n\n\n<p>&#8220;Pernambuco tem se voltado muito fortemente para dar esse diagn\u00f3stico, por vezes os n\u00fameros s\u00e3o duros, mas precisamos enfrent\u00e1-los. Temos visto situa\u00e7\u00f5es em que os cemit\u00e9rios falam mais que os n\u00fameros, em algumas cidades do pa\u00eds, e queremos que Pernambuco continue vigilante para identificar e adotar estrat\u00e9gias&#8221;, declarou o secret\u00e1rio.<\/p>\n\n\n\n<p>A ocupa\u00e7\u00e3o nos leitos de enfermaria ou de UTI para o tratamento da Covid-19 era de 91% na segunda-feira (27), segundo a Secretaria Estadual de Sa\u00fade<\/p>\n\n\n\n<p><strong>Coronav\u00edrus em Pernambuco<\/strong><\/p>\n\n\n\n<p>Pernambuco confirmou, at\u00e9 segunda-feira (27), 460 novos casos e 35 \u00f3bitos de pacientes com a Covid-19, doen\u00e7a transmitida pelo novo coronav\u00edrus. Com isso, o estado passa a ter 5.358 pacientes com a doen\u00e7a e 450 mortes<\/p>\n","protected":false},"excerpt":{"rendered":"<p>Pernambuco tem sete cidades entre os 20 munic\u00edpios brasileiros com a maior taxa de mortalidade de pacientes com Covid-19. \u00c9 o estado com maior n\u00fameros&hellip; <\/p>\n","protected":false},"author":2,"featured_media":166334,"comment_status":"closed","ping_status":"closed","sticky":false,"template":"","format":"standard","meta":{"sfsi_plus_gutenberg_text_before_share":"","sfsi_plus_gutenberg_show_text_before_share":"","sfsi_plus_gutenberg_icon_type":"","sfsi_plus_gutenberg_icon_alignemt":"","sfsi_plus_gutenburg_max_per_row":"","footnotes":""},"categories":[2],"tags":[],"class_list":["post-166333","post","type-post","status-publish","format-standard","has-post-thumbnail","hentry","category-geral"],"_links":{"self":[{"href":"https:\/\/www.caririemacao.com\/1\/wp-json\/wp\/v2\/posts\/166333","targetHints":{"allow":["GET"]}}],"collection":[{"href":"https:\/\/www.caririemacao.com\/1\/wp-json\/wp\/v2\/posts"}],"about":[{"href":"https:\/\/www.caririemacao.com\/1\/wp-json\/wp\/v2\/types\/post"}],"author":[{"embeddable":true,"href":"https:\/\/www.caririemacao.com\/1\/wp-json\/wp\/v2\/users\/2"}],"replies":[{"embeddable":true,"href":"https:\/\/www.caririemacao.com\/1\/wp-json\/wp\/v2\/comments?post=166333"}],"version-history":[{"count":1,"href":"https:\/\/www.caririemacao.com\/1\/wp-json\/wp\/v2\/posts\/166333\/revisions"}],"predecessor-version":[{"id":166335,"href":"https:\/\/www.caririemacao.com\/1\/wp-json\/wp\/v2\/posts\/166333\/revisions\/166335"}],"wp:featuredmedia":[{"embeddable":true,"href":"https:\/\/www.caririemacao.com\/1\/wp-json\/wp\/v2\/media\/166334"}],"wp:attachment":[{"href":"https:\/\/www.caririemacao.com\/1\/wp-json\/wp\/v2\/media?parent=166333"}],"wp:term":[{"taxonomy":"category","embeddable":true,"href":"https:\/\/www.caririemacao.com\/1\/wp-json\/wp\/v2\/categories?post=166333"},{"taxonomy":"post_tag","embeddable":true,"href":"https:\/\/www.caririemacao.com\/1\/wp-json\/wp\/v2\/tags?post=166333"}],"curies":[{"name":"wp","href":"https:\/\/api.w.org\/{rel}","templated":true}]}}