{"id":166337,"date":"2020-04-28T14:34:14","date_gmt":"2020-04-28T17:34:14","guid":{"rendered":"https:\/\/www.caririemacao.com\/1\/?p=166337"},"modified":"2020-04-28T14:34:14","modified_gmt":"2020-04-28T17:34:14","slug":"saude-confirma-que-63-profissionais-de-combate-a-covid-19-estao-com-a-doenca","status":"publish","type":"post","link":"https:\/\/www.caririemacao.com\/1\/2020\/04\/28\/saude-confirma-que-63-profissionais-de-combate-a-covid-19-estao-com-a-doenca\/","title":{"rendered":"Sa\u00fade confirma que 63 profissionais de combate \u00e0 covid-19 est\u00e3o com a doen\u00e7a"},"content":{"rendered":"\n<h1 class=\"wp-block-heading\"><a rel=\"noreferrer noopener\" href=\"https:\/\/api.whatsapp.com\/send?text=https:\/\/fonte83.com.br\/saude-confirma-que-63-profissionais-de-combate-a-covid-19-estao-com-a-doenca\" target=\"_blank\"><\/a><\/h1>\n\n\n\n<p> O novo boletim epidemiol\u00f3gico de covid-19, doen\u00e7a causada pelo novo Coronav\u00edrus, divulgado nesta ter\u00e7a-feira (28) pela Secretaria de Sa\u00fade do Estado confirmou que 63 profissionais est\u00e3o atuam no combate \u00e0 pandemia j\u00e1 foram diagn\u00f3sticos com a doen\u00e7a e afastados do trabalho.<\/p>\n\n\n\n<p>O n\u00famero representa 9,9% do total de pessoas infectadas pelo novo Coronav\u00edrus no estado. Nessa segunda-feira (27), a Sa\u00fade confirmou que a Para\u00edba contabiliza 633 casos confirmados de covid-19 e 53 mortes. Outro 3,9 mil casos notificados e suspeitos da doen\u00e7a est\u00e3o em investiga\u00e7\u00e3o no estado.<\/p>\n","protected":false},"excerpt":{"rendered":"<p>O novo boletim epidemiol\u00f3gico de covid-19, doen\u00e7a causada pelo novo Coronav\u00edrus, divulgado nesta ter\u00e7a-feira (28) pela Secretaria de Sa\u00fade do Estado confirmou que 63 profissionais&hellip; <\/p>\n","protected":false},"author":2,"featured_media":165035,"comment_status":"closed","ping_status":"closed","sticky":false,"template":"","format":"standard","meta":{"sfsi_plus_gutenberg_text_before_share":"","sfsi_plus_gutenberg_show_text_before_share":"","sfsi_plus_gutenberg_icon_type":"","sfsi_plus_gutenberg_icon_alignemt":"","sfsi_plus_gutenburg_max_per_row":"","footnotes":""},"categories":[2],"tags":[],"class_list":["post-166337","post","type-post","status-publish","format-standard","has-post-thumbnail","hentry","category-geral"],"_links":{"self":[{"href":"https:\/\/www.caririemacao.com\/1\/wp-json\/wp\/v2\/posts\/166337","targetHints":{"allow":["GET"]}}],"collection":[{"href":"https:\/\/www.caririemacao.com\/1\/wp-json\/wp\/v2\/posts"}],"about":[{"href":"https:\/\/www.caririemacao.com\/1\/wp-json\/wp\/v2\/types\/post"}],"author":[{"embeddable":true,"href":"https:\/\/www.caririemacao.com\/1\/wp-json\/wp\/v2\/users\/2"}],"replies":[{"embeddable":true,"href":"https:\/\/www.caririemacao.com\/1\/wp-json\/wp\/v2\/comments?post=166337"}],"version-history":[{"count":1,"href":"https:\/\/www.caririemacao.com\/1\/wp-json\/wp\/v2\/posts\/166337\/revisions"}],"predecessor-version":[{"id":166339,"href":"https:\/\/www.caririemacao.com\/1\/wp-json\/wp\/v2\/posts\/166337\/revisions\/166339"}],"wp:featuredmedia":[{"embeddable":true,"href":"https:\/\/www.caririemacao.com\/1\/wp-json\/wp\/v2\/media\/165035"}],"wp:attachment":[{"href":"https:\/\/www.caririemacao.com\/1\/wp-json\/wp\/v2\/media?parent=166337"}],"wp:term":[{"taxonomy":"category","embeddable":true,"href":"https:\/\/www.caririemacao.com\/1\/wp-json\/wp\/v2\/categories?post=166337"},{"taxonomy":"post_tag","embeddable":true,"href":"https:\/\/www.caririemacao.com\/1\/wp-json\/wp\/v2\/tags?post=166337"}],"curies":[{"name":"wp","href":"https:\/\/api.w.org\/{rel}","templated":true}]}}