{"id":166341,"date":"2020-04-28T14:39:53","date_gmt":"2020-04-28T17:39:53","guid":{"rendered":"https:\/\/www.caririemacao.com\/1\/?p=166341"},"modified":"2020-04-28T14:39:53","modified_gmt":"2020-04-28T17:39:53","slug":"boletim-epidemiologico-da-ses-aponta-que-mulheres-sao-maioria-em-casos-de-infeccao-pela-covid-19-na-paraiba","status":"publish","type":"post","link":"https:\/\/www.caririemacao.com\/1\/2020\/04\/28\/boletim-epidemiologico-da-ses-aponta-que-mulheres-sao-maioria-em-casos-de-infeccao-pela-covid-19-na-paraiba\/","title":{"rendered":"Boletim epidemiol\u00f3gico da SES aponta que mulheres s\u00e3o maioria em casos de infec\u00e7\u00e3o pela Covid-19 na Para\u00edba"},"content":{"rendered":"\n<p>A&nbsp;Secret\u00e1ria de Estado da Sa\u00fade&nbsp;divulgou nesta ter\u00e7a-feira (28) o seu&nbsp;boletim epidemiol\u00f3gico&nbsp;apontando 633 casos da Covid-19 na Para\u00edba, 370 a mais do que o divulgado no \u00faltimo boletim do dia 21. Dos casos confirmados&nbsp;50,2% (318) s\u00e3o do sexo feminino e 49,8% (315) do sexo masculino. Do total de confirmados&nbsp;63 casos (9,95%) s\u00e3o profissionais da sa\u00fade&nbsp;que fora avaliados e positivados para o agravo. Dos casos confirmados, o maior volume vem dos testes r\u00e1pidos na popula\u00e7\u00e3o do munic\u00edpio de Jo\u00e3o Pessoa com mais de 40 exames dia positivos. A\u00e7\u00e3o onde o Estado ap\u00f3ia&nbsp;os munic\u00edpios de servi\u00e7os com a aquisi\u00e7\u00e3o e distribui\u00e7\u00e3o dos testes mediante cen\u00e1rio epidemiol\u00f3gico e proposta de utiliza\u00e7\u00e3o, principalmente dos munic\u00edpios da primeira regi\u00e3o de sa\u00fade onde temos a maior concentra\u00e7\u00e3o dos casos.<\/p>\n\n\n\n<p>At\u00e9 agora, os casos confirmados est\u00e3o distribu\u00eddos por 40 munic\u00edpios: Jo\u00e3o Pessoa (410); Campina Grande (42); Santa Rita (47); Cabedelo (22); Sap\u00e9 (18); Bayeux (17); Patos (12); Sousa (06); Cajazeiras (4); Conde (5); Junco do Serid\u00f3 (3); Guarabira (3); S\u00e3o Jo\u00e3o do Rio do Peixe (5); Pombal (2); Itapororoca (3); Itabaiana (2); Pedras de Fogo (3); Serra Branca (1); Riach\u00e3o do Po\u00e7o (1); S\u00e3o Bento (4); Congo (1); Queimadas (1); Bom Jesus (1); Cruz do Esp\u00edrito Santo (3); Igaracy (1); Alagoa Grande (1); Barra de S\u00e3o Miguel (1); Alagoa Nova (1); Coremas (1); Tapero\u00e1 (1); Brejo Do Cruz (1); Caapor\u00e3 (1); Coxixola (1); &nbsp;Boqueir\u00e3o (1); Areia (1); Mariz\u00f3polis (1), Gurinh\u00e9m (1), Esperan\u00e7a (2), Lagoa Seca (1), e Mari (1).<\/p>\n\n\n\n<p>No momento, 35 pacientes est\u00e3o internados em UTI (27 em estabelecimentos p\u00fablicos e 08 no privado) e 127 em leitos de isolamento (101 em estabelecimentos p\u00fablicos e 26 no privado), seguindo em investiga\u00e7\u00e3o para Covid-19. Os demais casos hospitalizados e com resultado n\u00e3o&nbsp;detect\u00e1vel&nbsp;seguem em investiga\u00e7\u00e3o para demais v\u00edrus.<\/p>\n\n\n\n<p>Dos casos confirmados, 53 encontra-se hospitalizados (09 em UTI e 44 em isolamento), 149 j\u00e1 se recuperaram da Covid-19 e 376 seguem em isolamento domiciliar. Nos \u00faltimos 7 dias a ocupa\u00e7\u00e3o dos leitos de UTI j\u00e1 ativados pelo plano de conting\u00eancia estadual passou de 16% para 58%, um crescimento de 3,6 vezes, em intervalo de tempo relativamente&nbsp;curto.Neste&nbsp;mesmo per\u00edodo as interna\u00e7\u00f5es em leitos de UTI j\u00e1 ativados pelo plano de conting\u00eancia variaram de 3 para 5 interna\u00e7\u00f5es ao dia, o que representa um crescimento de 167% em apenas 7&nbsp;dias.<\/p>\n\n\n\n<p>A Secretaria de Estado da Sa\u00fade da Para\u00edba (SES-PB) tem um total de 55 \u00f3bitos por Covid-19, destes 29 eram residentes no munic\u00edpio de Jo\u00e3o Pessoa, 9 \u00f3bitos no munic\u00edpio de Santa Rita, 2 \u00f3bitos em cada um dos munic\u00edpio de Cabedelo, Campina Grande e Patos, e demais com 1 \u00f3bito nos munic\u00edpios de Riach\u00e3o do Po\u00e7o, Junco do Serid\u00f3, Sap\u00e9, Bayeux, Tapero\u00e1, Conde,&nbsp;Boqueir\u00e3o,Mari, Mariz\u00f3polis, Cajazeiras e Brejo do Cruz. Dos \u00f3bitos 47% (26) eram na faixa et\u00e1ria de maiores de 70 anos, com predomin\u00e2ncia do sexo masculino com 56,4%&nbsp;(31).<\/p>\n\n\n\n<p>Os 2 \u00faltimos \u00f3bitos confirmados s\u00e3o de idosos, cardiopatas, um de 76 anos que residia em Santa Rita, \u00f3bito no dia 16\/04, e o outro de 71 anos que residia em Jo\u00e3o Pessoa, \u00f3bito no dia 24\/04. Ambos do sexo masculino. Esses \u00f3bitos n\u00e3o estavam nas contagens oficiais, porem j\u00e1 com investiga\u00e7\u00e3o e exames avaliados ap\u00f3s conversa com os munic\u00edpios.<\/p>\n\n\n\n<p>Dos \u00f3bitos, 67 j\u00e1 foram descartados para COVID-19, e 23 seguem aguardando exames e investiga\u00e7\u00f5es que s\u00e3o realizadas pelo munic\u00edpio de resid\u00eancia, num total de 15 munic\u00edpios com \u00f3bitos em investiga\u00e7\u00e3o.<\/p>\n\n\n\n<p>No Estado temos 3.945 notifica\u00e7\u00f5es em investiga\u00e7\u00e3o de casos suspeitos de&nbsp;Covid&nbsp;notificados pelos munic\u00edpios e hospitais mediante suspeita cl\u00ednica para S\u00edndrome Gripal leve e\/ou SRAG por Covid-19, dados esses registrados no sistema&nbsp;Redcap, E-SUS VE, SIVEP Gripe e Hospitalizados.<\/p>\n\n\n\n<p><\/p>\n\n\n\n<p><em>Portal Wscom<\/em><\/p>\n","protected":false},"excerpt":{"rendered":"<p>A&nbsp;Secret\u00e1ria de Estado da Sa\u00fade&nbsp;divulgou nesta ter\u00e7a-feira (28) o seu&nbsp;boletim epidemiol\u00f3gico&nbsp;apontando 633 casos da Covid-19 na Para\u00edba, 370 a mais do que o divulgado no&hellip; <\/p>\n","protected":false},"author":2,"featured_media":166342,"comment_status":"closed","ping_status":"closed","sticky":false,"template":"","format":"standard","meta":{"sfsi_plus_gutenberg_text_before_share":"","sfsi_plus_gutenberg_show_text_before_share":"","sfsi_plus_gutenberg_icon_type":"","sfsi_plus_gutenberg_icon_alignemt":"","sfsi_plus_gutenburg_max_per_row":"","footnotes":""},"categories":[2],"tags":[],"class_list":["post-166341","post","type-post","status-publish","format-standard","has-post-thumbnail","hentry","category-geral"],"_links":{"self":[{"href":"https:\/\/www.caririemacao.com\/1\/wp-json\/wp\/v2\/posts\/166341","targetHints":{"allow":["GET"]}}],"collection":[{"href":"https:\/\/www.caririemacao.com\/1\/wp-json\/wp\/v2\/posts"}],"about":[{"href":"https:\/\/www.caririemacao.com\/1\/wp-json\/wp\/v2\/types\/post"}],"author":[{"embeddable":true,"href":"https:\/\/www.caririemacao.com\/1\/wp-json\/wp\/v2\/users\/2"}],"replies":[{"embeddable":true,"href":"https:\/\/www.caririemacao.com\/1\/wp-json\/wp\/v2\/comments?post=166341"}],"version-history":[{"count":1,"href":"https:\/\/www.caririemacao.com\/1\/wp-json\/wp\/v2\/posts\/166341\/revisions"}],"predecessor-version":[{"id":166343,"href":"https:\/\/www.caririemacao.com\/1\/wp-json\/wp\/v2\/posts\/166341\/revisions\/166343"}],"wp:featuredmedia":[{"embeddable":true,"href":"https:\/\/www.caririemacao.com\/1\/wp-json\/wp\/v2\/media\/166342"}],"wp:attachment":[{"href":"https:\/\/www.caririemacao.com\/1\/wp-json\/wp\/v2\/media?parent=166341"}],"wp:term":[{"taxonomy":"category","embeddable":true,"href":"https:\/\/www.caririemacao.com\/1\/wp-json\/wp\/v2\/categories?post=166341"},{"taxonomy":"post_tag","embeddable":true,"href":"https:\/\/www.caririemacao.com\/1\/wp-json\/wp\/v2\/tags?post=166341"}],"curies":[{"name":"wp","href":"https:\/\/api.w.org\/{rel}","templated":true}]}}