{"id":166347,"date":"2020-04-28T14:44:58","date_gmt":"2020-04-28T17:44:58","guid":{"rendered":"https:\/\/www.caririemacao.com\/1\/?p=166347"},"modified":"2020-04-28T14:44:58","modified_gmt":"2020-04-28T17:44:58","slug":"armas-e-aves-silvestres-sao-apreendidas-em-fiscalizacoes-ambientais","status":"publish","type":"post","link":"https:\/\/www.caririemacao.com\/1\/2020\/04\/28\/armas-e-aves-silvestres-sao-apreendidas-em-fiscalizacoes-ambientais\/","title":{"rendered":"Armas e aves silvestres s\u00e3o apreendidas em fiscaliza\u00e7\u00f5es ambientais"},"content":{"rendered":"\n<p> A Pol\u00edcia Militar apreendeu, no \u00faltimo fim de semana,\u00a017 armas de fogo e 10 aves silvestres em fiscaliza\u00e7\u00f5es ambientais. As a\u00e7\u00f5es se iniciaram na sexta-feira (24) com o Grupo T\u00e1tico Ambiental (GTAM), pertencente ao Batalh\u00e3o de Policia Ambiental da PMPB.<\/p>\n\n\n\n<p>Durante rondas no munic\u00edpio de S\u00e3o Jos\u00e9 dos Ramos, a guarni\u00e7\u00e3o avistou um grupo de pessoas&nbsp;em atitude suspeita que, ao perceber os policiais, empreendeu fuga para vegeta\u00e7\u00e3o, abandonando quatro espingardas e tr\u00eas bornais, que foram apreendidos e entregues na Delegacia de Pol\u00edcia Civil.<\/p>\n\n\n\n<p>No s\u00e1bado, em Itabaiana, um jovem foi detido ap\u00f3s serem localizadas em sua resid\u00eancia 10 aves silvestres mantidas em cativeiro, duas espingardas de calibre indefinido e uma espingarda calibre .36. No mesmo dia, na cidade de Ing\u00e1, mais tr\u00eas espingardas foram apreendidas durante patrulhamento na regi\u00e3o. Todas as armas, bem como as aves, foram apresentadas na delegacia de Itabaiana.<\/p>\n\n\n\n<p>Na manh\u00e3 do domingo, militares da 2\u00aa Companhia de Policiamento Ambiental apreenderam seis armas de ca\u00e7a e algumas aves silvestres abatidas. Na situa\u00e7\u00e3o, um grupo de homens foi abordado no munic\u00edpio de Caturit\u00e9, praticando atividade de ca\u00e7a sem a devida autoriza\u00e7\u00e3o legal. Os suspeitos e o material apreendido foram entregues na Delegacia de Queimadas.<\/p>\n\n\n\n<p>Por fim, no per\u00edodo da tarde, em a\u00e7\u00e3o de soltura de animais anteriormente apreendidos, militares do GTAM se depararam com um homem em atitude suspeita dentro da mata. Ele fugiu, mas abandonou uma espingarda de ca\u00e7a, material para a pesca de caranguejos e outros apetrechos. Tudo ficou \u00e0 disposi\u00e7\u00e3o da Justi\u00e7a na delegacia de Itabaiana.<\/p>\n\n\n\n<p><strong><em>PB Agora<\/em><\/strong><\/p>\n","protected":false},"excerpt":{"rendered":"<p>A Pol\u00edcia Militar apreendeu, no \u00faltimo fim de semana,\u00a017 armas de fogo e 10 aves silvestres em fiscaliza\u00e7\u00f5es ambientais. As a\u00e7\u00f5es se iniciaram na sexta-feira&hellip; <\/p>\n","protected":false},"author":2,"featured_media":164567,"comment_status":"closed","ping_status":"closed","sticky":false,"template":"","format":"standard","meta":{"sfsi_plus_gutenberg_text_before_share":"","sfsi_plus_gutenberg_show_text_before_share":"","sfsi_plus_gutenberg_icon_type":"","sfsi_plus_gutenberg_icon_alignemt":"","sfsi_plus_gutenburg_max_per_row":"","footnotes":""},"categories":[2],"tags":[],"class_list":["post-166347","post","type-post","status-publish","format-standard","has-post-thumbnail","hentry","category-geral"],"_links":{"self":[{"href":"https:\/\/www.caririemacao.com\/1\/wp-json\/wp\/v2\/posts\/166347","targetHints":{"allow":["GET"]}}],"collection":[{"href":"https:\/\/www.caririemacao.com\/1\/wp-json\/wp\/v2\/posts"}],"about":[{"href":"https:\/\/www.caririemacao.com\/1\/wp-json\/wp\/v2\/types\/post"}],"author":[{"embeddable":true,"href":"https:\/\/www.caririemacao.com\/1\/wp-json\/wp\/v2\/users\/2"}],"replies":[{"embeddable":true,"href":"https:\/\/www.caririemacao.com\/1\/wp-json\/wp\/v2\/comments?post=166347"}],"version-history":[{"count":1,"href":"https:\/\/www.caririemacao.com\/1\/wp-json\/wp\/v2\/posts\/166347\/revisions"}],"predecessor-version":[{"id":166348,"href":"https:\/\/www.caririemacao.com\/1\/wp-json\/wp\/v2\/posts\/166347\/revisions\/166348"}],"wp:featuredmedia":[{"embeddable":true,"href":"https:\/\/www.caririemacao.com\/1\/wp-json\/wp\/v2\/media\/164567"}],"wp:attachment":[{"href":"https:\/\/www.caririemacao.com\/1\/wp-json\/wp\/v2\/media?parent=166347"}],"wp:term":[{"taxonomy":"category","embeddable":true,"href":"https:\/\/www.caririemacao.com\/1\/wp-json\/wp\/v2\/categories?post=166347"},{"taxonomy":"post_tag","embeddable":true,"href":"https:\/\/www.caririemacao.com\/1\/wp-json\/wp\/v2\/tags?post=166347"}],"curies":[{"name":"wp","href":"https:\/\/api.w.org\/{rel}","templated":true}]}}