{"id":166352,"date":"2020-04-28T17:08:19","date_gmt":"2020-04-28T20:08:19","guid":{"rendered":"https:\/\/www.caririemacao.com\/1\/?p=166352"},"modified":"2020-04-28T17:08:19","modified_gmt":"2020-04-28T20:08:19","slug":"aniversario-da-cidade-de-amparo-sera-comemorado-com-live-de-flavinho-e-charles","status":"publish","type":"post","link":"https:\/\/www.caririemacao.com\/1\/2020\/04\/28\/aniversario-da-cidade-de-amparo-sera-comemorado-com-live-de-flavinho-e-charles\/","title":{"rendered":"Anivers\u00e1rio da cidade de Amparo ser\u00e1 comemorado com Live de Flavinho e Charles"},"content":{"rendered":"\n<p><a href=\"https:\/\/1.bp.blogspot.com\/-KnJe_GKxZAc\/XqiDSo5ePFI\/AAAAAAABMLk\/bk11gxkbyRkdrwSbKazYGrMyuJNeOFAVQCLcBGAsYHQ\/s1600\/MINIATURA%2BLIVE.jpg\"><\/a>A Dupla Amparense Flavinho e Charles estar\u00e1 realizando nesta quarta-feira (29) mais uma super live. Dessa vez para comemorar os 26 Anos de Emancipa\u00e7\u00e3o Pol\u00edtica de Amparo que devido a pandemia que nos afetou, n\u00e3o tivemos a tradicional programa\u00e7\u00e3o com feira, exposi\u00e7\u00f5es, jericada e shows em pra\u00e7a publica.<\/p>\n\n\n\n<figure class=\"wp-block-image size-large\"><img fetchpriority=\"high\" decoding=\"async\" width=\"640\" height=\"360\" src=\"https:\/\/www.caririemacao.com\/1\/wp-content\/uploads\/2020\/04\/MINIATURA-LIVE.jpg\" alt=\"\" class=\"wp-image-166353\" srcset=\"https:\/\/www.caririemacao.com\/1\/wp-content\/uploads\/2020\/04\/MINIATURA-LIVE.jpg 640w, https:\/\/www.caririemacao.com\/1\/wp-content\/uploads\/2020\/04\/MINIATURA-LIVE-300x169.jpg 300w\" sizes=\"(max-width: 640px) 100vw, 640px\" \/><\/figure>\n\n\n\n<p><br>A Live ter\u00e1 in\u00edcio \u00e0s 20 horas e voc\u00ea poder\u00e1 acompanhar pelo seu celular, tablet ou smart tv atrav\u00e9s do nosso canal no Youtube.<br>Abaixo voc\u00ea confere a primeira live da dupla realizada no ultimo dia 15 de Abril<\/p>\n\n\n\n<p>Amparo Ligado<\/p>\n","protected":false},"excerpt":{"rendered":"<p>A Dupla Amparense Flavinho e Charles estar\u00e1 realizando nesta quarta-feira (29) mais uma super live. Dessa vez para comemorar os 26 Anos de Emancipa\u00e7\u00e3o Pol\u00edtica&hellip; <\/p>\n","protected":false},"author":1,"featured_media":166353,"comment_status":"closed","ping_status":"closed","sticky":false,"template":"","format":"standard","meta":{"sfsi_plus_gutenberg_text_before_share":"","sfsi_plus_gutenberg_show_text_before_share":"","sfsi_plus_gutenberg_icon_type":"","sfsi_plus_gutenberg_icon_alignemt":"","sfsi_plus_gutenburg_max_per_row":"","footnotes":""},"categories":[6],"tags":[],"class_list":["post-166352","post","type-post","status-publish","format-standard","has-post-thumbnail","hentry","category-cidades"],"_links":{"self":[{"href":"https:\/\/www.caririemacao.com\/1\/wp-json\/wp\/v2\/posts\/166352","targetHints":{"allow":["GET"]}}],"collection":[{"href":"https:\/\/www.caririemacao.com\/1\/wp-json\/wp\/v2\/posts"}],"about":[{"href":"https:\/\/www.caririemacao.com\/1\/wp-json\/wp\/v2\/types\/post"}],"author":[{"embeddable":true,"href":"https:\/\/www.caririemacao.com\/1\/wp-json\/wp\/v2\/users\/1"}],"replies":[{"embeddable":true,"href":"https:\/\/www.caririemacao.com\/1\/wp-json\/wp\/v2\/comments?post=166352"}],"version-history":[{"count":1,"href":"https:\/\/www.caririemacao.com\/1\/wp-json\/wp\/v2\/posts\/166352\/revisions"}],"predecessor-version":[{"id":166355,"href":"https:\/\/www.caririemacao.com\/1\/wp-json\/wp\/v2\/posts\/166352\/revisions\/166355"}],"wp:featuredmedia":[{"embeddable":true,"href":"https:\/\/www.caririemacao.com\/1\/wp-json\/wp\/v2\/media\/166353"}],"wp:attachment":[{"href":"https:\/\/www.caririemacao.com\/1\/wp-json\/wp\/v2\/media?parent=166352"}],"wp:term":[{"taxonomy":"category","embeddable":true,"href":"https:\/\/www.caririemacao.com\/1\/wp-json\/wp\/v2\/categories?post=166352"},{"taxonomy":"post_tag","embeddable":true,"href":"https:\/\/www.caririemacao.com\/1\/wp-json\/wp\/v2\/tags?post=166352"}],"curies":[{"name":"wp","href":"https:\/\/api.w.org\/{rel}","templated":true}]}}