{"id":166359,"date":"2020-04-28T19:25:24","date_gmt":"2020-04-28T22:25:24","guid":{"rendered":"https:\/\/www.caririemacao.com\/1\/?p=166359"},"modified":"2020-04-28T19:25:24","modified_gmt":"2020-04-28T22:25:24","slug":"paraiba-registra-mais-3-mortes-por-coronavirus-e-numero-de-infectados-sobe-para-699","status":"publish","type":"post","link":"https:\/\/www.caririemacao.com\/1\/2020\/04\/28\/paraiba-registra-mais-3-mortes-por-coronavirus-e-numero-de-infectados-sobe-para-699\/","title":{"rendered":"Para\u00edba registra mais 3 mortes por coronav\u00edrus e n\u00famero de infectados sobe para 699"},"content":{"rendered":"\n<p>A Para\u00edba tem mais tr\u00eas mortes causadas pelo novo coronav\u00edrus e a soma de 699 casos confirmados. No novo boletim da Secretaria de Estado da Sa\u00fade constam mais 65 novos infectados.<\/p>\n\n\n\n<p>As informa\u00e7\u00f5es foram divulgadas \u00e0s 18h desta ter\u00e7a-feira (28). O estado tem 1.531 casos descartados para a infec\u00e7\u00e3o pela Covid-19. O total \u00e9 de 58 \u00f3bitos pelo novo coronav\u00edrus. A soma de recuperados chega a 149.<\/p>\n\n\n\n<p><strong>Saiba mais<\/strong><\/p>\n\n\n\n<p>At\u00e9 esta ter\u00e7a, 28 de abril, a Para\u00edba tem 699 casos confirmados. Destes, 119 j\u00e1 se recuperaram, 58, infelizmente, faleceram e 1531 casos suspeitos j\u00e1 foram descartados para Covid-19. Na rede p\u00fablica de sa\u00fade, existem 151 leitos ativos de UTI para Coronav\u00edrus, 67 deles est\u00e3o ocupados (44%).<\/p>\n\n\n\n<p>Os casos est\u00e3o distribu\u00eddos em 44 munic\u00edpios: Alagoa Grande (1); Alagoa Nova (1); Ara\u00e7agi (1); Areia (1); Barra de S\u00e3o Miguel (1); Bayeux (19); Bom Jesus (1); Boqueir\u00e3o (1); Brejo Do Cruz (1); Caapor\u00e3 (1); Cabedelo (22); Cajazeiras (5); Campina Grande (45); Catingueira(2); Conde (8); Congo (1); Coremas (1); Coxixola (1); Cruz do Esp\u00edrito Santo (3); Esperan\u00e7a (2); Guarabira (4); Gurinh\u00e9m (1); Igaracy (1); Itabaiana (2); Itapororoca (3); Jo\u00e3o Pessoa (436); Junco do Serid\u00f3 (3); Lagoa Seca (1); Lucena (1); Mari (1); Mariz\u00f3polis (3); Patos (13); Pedras de Fogo (4); Pombal (2); Queimadas (1); Riach\u00e3o do Po\u00e7o (1); Santa Rita (61); S\u00e3o Bento (4); S\u00e3o Jo\u00e3o do Rio do Peixe (5); S\u00e3o Jos\u00e9 do Bomfim (1); Sap\u00e9 (20); Serra Branca (1); Sousa (09); Tapero\u00e1 (2).<\/p>\n\n\n\n<p>Cinco \u00f3bitos foram confirmados nas \u00faltimas 24 horas:<\/p>\n\n\n\n<ol class=\"wp-block-list\"><li>Homem, 76 anos, cardiopata, residente no munic\u00edpio de Santa Rita, \u00f3bito ocorrido no dia 16\/04.<\/li><li>Homem, 71 anos, residente de Jo\u00e3o Pessoa, cardiopata. \u00d3bito no dia 24\/04.<\/li><li>Homem, 63 anos, residente no munic\u00edpio de Bayeux, portador de HAS, etilista e tabagista. Deu entrada em servi\u00e7o p\u00fablico dia 22\/04 com febre, tosse, n\u00e1useas, dor abdominal e cefal\u00e9ia. \u00d3bito ocorrido em 26\/04.<\/li><li>Homem, 69 anos, residente no munic\u00edpio de Brejo do Cruz, portador de HAS e\u00a0 DPOC. Deu entrada em hospital p\u00fablico dia 22\/04, com tosse, dispn\u00e9ia e hipotens\u00e3o evoluindo com Pneumonia e insufici\u00eancia respirat\u00f3ria,\u00a0 indo a \u00f3bito dia 25\/04.<\/li><li>Homem, 79 anos, residente de Santa Rita, in\u00edcio dos sintomas 25\/04\/2020, hipertenso, diabetes, doen\u00e7a cardiovascular, \u00f3bito em hospital p\u00fablico no dia 25\/04.<\/li><\/ol>\n\n\n\n<p>Com Click PB<\/p>\n","protected":false},"excerpt":{"rendered":"<p>A Para\u00edba tem mais tr\u00eas mortes causadas pelo novo coronav\u00edrus e a soma de 699 casos confirmados. No novo boletim da Secretaria de Estado da&hellip; <\/p>\n","protected":false},"author":1,"featured_media":166360,"comment_status":"closed","ping_status":"closed","sticky":false,"template":"","format":"standard","meta":{"sfsi_plus_gutenberg_text_before_share":"","sfsi_plus_gutenberg_show_text_before_share":"","sfsi_plus_gutenberg_icon_type":"","sfsi_plus_gutenberg_icon_alignemt":"","sfsi_plus_gutenburg_max_per_row":"","footnotes":""},"categories":[50],"tags":[],"class_list":["post-166359","post","type-post","status-publish","format-standard","has-post-thumbnail","hentry","category-destaque"],"_links":{"self":[{"href":"https:\/\/www.caririemacao.com\/1\/wp-json\/wp\/v2\/posts\/166359","targetHints":{"allow":["GET"]}}],"collection":[{"href":"https:\/\/www.caririemacao.com\/1\/wp-json\/wp\/v2\/posts"}],"about":[{"href":"https:\/\/www.caririemacao.com\/1\/wp-json\/wp\/v2\/types\/post"}],"author":[{"embeddable":true,"href":"https:\/\/www.caririemacao.com\/1\/wp-json\/wp\/v2\/users\/1"}],"replies":[{"embeddable":true,"href":"https:\/\/www.caririemacao.com\/1\/wp-json\/wp\/v2\/comments?post=166359"}],"version-history":[{"count":1,"href":"https:\/\/www.caririemacao.com\/1\/wp-json\/wp\/v2\/posts\/166359\/revisions"}],"predecessor-version":[{"id":166361,"href":"https:\/\/www.caririemacao.com\/1\/wp-json\/wp\/v2\/posts\/166359\/revisions\/166361"}],"wp:featuredmedia":[{"embeddable":true,"href":"https:\/\/www.caririemacao.com\/1\/wp-json\/wp\/v2\/media\/166360"}],"wp:attachment":[{"href":"https:\/\/www.caririemacao.com\/1\/wp-json\/wp\/v2\/media?parent=166359"}],"wp:term":[{"taxonomy":"category","embeddable":true,"href":"https:\/\/www.caririemacao.com\/1\/wp-json\/wp\/v2\/categories?post=166359"},{"taxonomy":"post_tag","embeddable":true,"href":"https:\/\/www.caririemacao.com\/1\/wp-json\/wp\/v2\/tags?post=166359"}],"curies":[{"name":"wp","href":"https:\/\/api.w.org\/{rel}","templated":true}]}}